{"id":1101,"date":"2025-10-27T05:40:37","date_gmt":"2025-10-27T05:40:37","guid":{"rendered":"https:\/\/dailynewsfreshz.com\/?p=1101"},"modified":"2025-10-27T05:40:37","modified_gmt":"2025-10-27T05:40:37","slug":"dzis-po-poludniu-doszlo-do-wypadku-drogowego-miedzy-autobusem-a-zobacz-wiecej","status":"publish","type":"post","link":"https:\/\/dailynewsfreshz.com\/?p=1101","title":{"rendered":"Dzi\u015b po po\u0142udniu dosz\u0142o do wypadku drogowego mi\u0119dzy autobusem a&#8230;Zobacz wi\u0119cej"},"content":{"rendered":"<header class=\"single-entry-header\">\n<h1 class=\"single-entry-title entry-title\"><img loading=\"lazy\" decoding=\"async\" class=\"alignnone size-full wp-image-1102\" src=\"https:\/\/dailynewsfreshz.com\/wp-content\/uploads\/2025\/10\/571231866_122197496978496066_5266851913711789792_n.jpg\" alt=\"\" width=\"894\" height=\"898\" srcset=\"https:\/\/dailynewsfreshz.com\/wp-content\/uploads\/2025\/10\/571231866_122197496978496066_5266851913711789792_n.jpg 894w, https:\/\/dailynewsfreshz.com\/wp-content\/uploads\/2025\/10\/571231866_122197496978496066_5266851913711789792_n-300x300.jpg 300w, https:\/\/dailynewsfreshz.com\/wp-content\/uploads\/2025\/10\/571231866_122197496978496066_5266851913711789792_n-150x150.jpg 150w, https:\/\/dailynewsfreshz.com\/wp-content\/uploads\/2025\/10\/571231866_122197496978496066_5266851913711789792_n-768x771.jpg 768w\" sizes=\"auto, (max-width: 894px) 100vw, 894px\" \/><\/h1>\n<\/header>\n<div class=\"entry-content\">\n<p>W t\u0119 niedziel\u0119, 14 wrze\u015bnia 2025 roku, stacja telewizyjna 78ACTU ujawni\u0142a, \u017ce \u200b\u200bw pi\u0105tek, 12 wrze\u015bnia, Isabelle Nanty zosta\u0142a przewieziona do szpitala po wypadku drogowym.<\/p>\n<p>Gwiazda podobno skar\u017cy\u0142a si\u0119 na b\u00f3l w ca\u0142ym ciele.<\/p>\n<p>Co wydarzy\u0142o si\u0119 w ten pi\u0105tek, 12 wrze\u015bnia 2025 roku?\u00a0<a href=\"https:\/\/actu.voici.fr\/cinema-series\/je-ne-gagne-ma-vie-au-cinema-que-depuis-une-dizaine-dannees-isabelle-nanty-cash-sur-ses-finances-809136\">Isabelle Nanty jest jedn\u0105 z najs\u0142ynniejszych i najbardziej cenionych aktorek swojego pokolenia<\/a>\u00a0.<\/p>\n<div class=\"code-block code-block-3\">\n<h1 class=\"single-entry-title entry-title\"><img loading=\"lazy\" decoding=\"async\" class=\"attachment-featured-slider size-featured-slider wp-post-image\" style=\"font-family: 'Source Sans Pro', Graphik, -apple-system, BlinkMacSystemFont, 'Segoe UI', Helvetica, Arial, sans-serif; font-size: 1.125rem;\" src=\"https:\/\/story24.biz.ua\/wp-content\/uploads\/2025\/10\/Screenshot_2025_10_22-47.png\" sizes=\"auto, (max-width: 602px) 100vw, 602px\" srcset=\"https:\/\/story24.biz.ua\/wp-content\/uploads\/2025\/10\/Screenshot_2025_10_22-47.png 602w, https:\/\/story24.biz.ua\/wp-content\/uploads\/2025\/10\/Screenshot_2025_10_22-47-300x192.png 300w\" alt=\"\" width=\"602\" height=\"386\" \/><\/h1>\n<\/div>\n<p>Znana jest z r\u00f3l w filmach fabularnych, kt\u00f3re odnios\u0142y sukces kinowy,\u00a0<a href=\"https:\/\/actu.voici.fr\/celebrites\/isabelle-nanty-les-tuche-cette-raison-pour-laquelle-elle-n-a-jamais-ete-vue-avec-un-homme-797618\">takich jak \u201eLes Tuche\u201d<\/a>\u00a0.<\/p>\n<p>Wciela si\u0119 w rol\u0119 s\u0142ynnej Cathy Tuche, a w czwartej cz\u0119\u015bci filmu wciela si\u0119 w siostr\u0119 swojej postaci.<\/p>\n<p><a href=\"https:\/\/actu.voici.fr\/tele\/ma-vie-a-ete-de-ruser-isabelle-nanty-atteinte-d-un-trouble-qui-l-handicape-sur-scene-et-dans-la-vie-ses-confidences-touchantes-802214\">Rola ta by\u0142a dla niej bardzo trudna, \u201edyslektyczna\u201d<\/a>\u00a0, jak zwierzy\u0142a si\u0119 w wywiadzie dla T\u00e9l\u00e9-Loisirs.\u00a0<strong><em>\u201eRola cz\u0119sto stanowi dla mnie problem, je\u015bli musz\u0119 robi\u0107 kilka rzeczy jednocze\u015bnie<\/em><\/strong><em>\u00a0, poniewa\u017c jestem r\u00f3wnie\u017c dyspraktyczna i dyskalkuliczk\u0105. Wi\u0119c nie mog\u0119 powiedzie\u0107, jak trudne to jest!\u201d \u2013\u00a0<\/em>\u00a0powiedzia\u0142a.<strong>\u00a0<\/strong><\/p>\n<p>Jednak w t\u0119 niedziel\u0119, 14 wrze\u015bnia 2025 roku, Isabelle Nanty nie trafi\u0142a na pierwsze strony gazet z powodu swojej nowej roli. I nie bez powodu, wed\u0142ug informacji\u00a0<a href=\"https:\/\/actu.fr\/ile-de-france\/saint-arnoult-en-yvelines_78537\/lactrice-isabelle-nanty-victime-dun-gave-accident-de-la-route-dans-les-yvelines_63160075.html\">78ACTU<\/a>\u00a0, aktorka pad\u0142a ofiar\u0105 wypadku drogowego w departamencie Yvelines. Do zdarzenia mia\u0142o doj\u015b\u0107 w pi\u0105tek, 12 wrze\u015bnia. Pojazd, kt\u00f3rym podr\u00f3\u017cowa\u0142a Isabelle Nanty, zjecha\u0142 z drogi A10 w kierunku Pary\u017ca. Do wypadku dosz\u0142o na odcinku w pobli\u017cu Saint-Arnoult.\u00a0<strong>By\u0142o wcze\u015bnie rano, poniewa\u017c stra\u017c po\u017carn\u0105 wezwano przed godzin\u0105 8:00, jak wskazuj\u0105 nasi koledzy.<\/strong><\/p>\n<h2 id=\"90do3\" class=\"wp-block-heading\">Isabelle Nanty, ofiara wypadku drogowego<\/h2>\n<p>W publikacji czytamy: \u201e\u00a0<em><strong>R\u00f3\u017cne \u017ar\u00f3d\u0142a potwierdzi\u0142y, \u017ce Isabelle Nanty by\u0142a pasa\u017cerk\u0105 Mercedesa Klasy V,<\/strong><\/em><em>\u00a0nale\u017c\u0105cego do wypo\u017cyczalni. Na razie przyczyna wypadku nie jest znana. Wiemy jednak, \u017ce pojazd by\u0142 jedynym uczestnikiem wypadku<\/em>\u00a0\u201d. W artykule podano r\u00f3wnie\u017c, \u017ce kierowca podobno straci\u0142 prawo jazdy, poniewa\u017c nie mia\u0142 ju\u017c na koncie punkt\u00f3w karnych. Je\u015bli chodzi o stan zdrowia Isabelle Nanty, nie ma powodu do paniki. Aktorka \u2013 kt\u00f3r\u0105 uznano za \u201e\u00a0<em><strong>absolutnie nag\u0142\u0105<\/strong><\/em>\u00a0\u201d \u2013 skar\u017cy\u0142a si\u0119 na uog\u00f3lniony b\u00f3l w ca\u0142ym ciele. Jej \u017cyciu nie zagra\u017ca jednak niebezpiecze\u0144stwo. Miejmy nadziej\u0119, \u017ce aktorka szybko wyzdrowieje po odniesionych obra\u017ceniach.<\/p>\n<\/div>\n","protected":false},"excerpt":{"rendered":"<p>W t\u0119 niedziel\u0119, 14 wrze\u015bnia 2025 roku, stacja telewizyjna 78ACTU ujawni\u0142a, \u017ce \u200b\u200bw pi\u0105tek, 12 wrze\u015bnia, Isabelle Nanty zosta\u0142a przewieziona do szpitala po wypadku drogowym. &hellip; <\/p>\n","protected":false},"author":1,"featured_media":0,"comment_status":"open","ping_status":"open","sticky":false,"template":"","format":"standard","meta":{"footnotes":""},"categories":[1],"tags":[],"class_list":["post-1101","post","type-post","status-publish","format-standard","hentry","category-uncategorized"],"aioseo_notices":[],"_links":{"self":[{"href":"https:\/\/dailynewsfreshz.com\/index.php?rest_route=\/wp\/v2\/posts\/1101","targetHints":{"allow":["GET"]}}],"collection":[{"href":"https:\/\/dailynewsfreshz.com\/index.php?rest_route=\/wp\/v2\/posts"}],"about":[{"href":"https:\/\/dailynewsfreshz.com\/index.php?rest_route=\/wp\/v2\/types\/post"}],"author":[{"embeddable":true,"href":"https:\/\/dailynewsfreshz.com\/index.php?rest_route=\/wp\/v2\/users\/1"}],"replies":[{"embeddable":true,"href":"https:\/\/dailynewsfreshz.com\/index.php?rest_route=%2Fwp%2Fv2%2Fcomments&post=1101"}],"version-history":[{"count":1,"href":"https:\/\/dailynewsfreshz.com\/index.php?rest_route=\/wp\/v2\/posts\/1101\/revisions"}],"predecessor-version":[{"id":1103,"href":"https:\/\/dailynewsfreshz.com\/index.php?rest_route=\/wp\/v2\/posts\/1101\/revisions\/1103"}],"wp:attachment":[{"href":"https:\/\/dailynewsfreshz.com\/index.php?rest_route=%2Fwp%2Fv2%2Fmedia&parent=1101"}],"wp:term":[{"taxonomy":"category","embeddable":true,"href":"https:\/\/dailynewsfreshz.com\/index.php?rest_route=%2Fwp%2Fv2%2Fcategories&post=1101"},{"taxonomy":"post_tag","embeddable":true,"href":"https:\/\/dailynewsfreshz.com\/index.php?rest_route=%2Fwp%2Fv2%2Ftags&post=1101"}],"curies":[{"name":"wp","href":"https:\/\/api.w.org\/{rel}","templated":true}]}}