{"id":1161,"date":"2025-10-29T10:56:53","date_gmt":"2025-10-29T10:56:53","guid":{"rendered":"https:\/\/dailynewsfreshz.com\/?p=1161"},"modified":"2025-10-29T10:56:53","modified_gmt":"2025-10-29T10:56:53","slug":"kleski-zywiolowe-definicja-i-odszkodowanie-2","status":"publish","type":"post","link":"https:\/\/dailynewsfreshz.com\/?p=1161","title":{"rendered":"Kl\u0119ski \u017cywio\u0142owe: definicja i odszkodowanie"},"content":{"rendered":"<header class=\"entry-header\" style=\"margin-bottom: 30px; font-family: 'Source Sans Pro', Graphik, -apple-system, BlinkMacSystemFont, 'Segoe UI', Roboto, Oxygen-Sans, Ubuntu, Cantarell, 'Helvetica Neue', sans-serif;\">\n<h1 class=\"entry-title\" style=\"margin-top: 0px; margin-bottom: 10px; line-height: 1.3; overflow-wrap: break-word; color: #000000;\"><img loading=\"lazy\" decoding=\"async\" class=\"attachment-featured-slider size-featured-slider wp-post-image\" style=\"border-style: none; font-family: 'Source Sans Pro', Graphik, -apple-system, BlinkMacSystemFont, 'Segoe UI', Helvetica, Arial, sans-serif; font-size: 1.125rem;\" src=\"https:\/\/story24.biz.ua\/wp-content\/uploads\/2025\/10\/Screenshot_2025_10_11-41.png\" sizes=\"auto, (max-width: 511px) 100vw, 511px\" srcset=\"https:\/\/story24.biz.ua\/wp-content\/uploads\/2025\/10\/Screenshot_2025_10_11-41.png 511w, https:\/\/story24.biz.ua\/wp-content\/uploads\/2025\/10\/Screenshot_2025_10_11-41-300x181.png 300w\" alt=\"\" width=\"511\" height=\"308\" \/><\/h1>\n<\/header>\n<div class=\"entry-content\" style=\"counter-reset: footnotes 0; margin: 2em 0px 0px; line-height: 1.7; overflow-wrap: break-word; font-family: 'Source Sans Pro', Graphik, -apple-system, BlinkMacSystemFont, 'Segoe UI', Roboto, Oxygen-Sans, Ubuntu, Cantarell, 'Helvetica Neue', sans-serif;\">\n<div class=\"entry-content\" style=\"counter-reset: footnotes 0; margin: 2em 0px 0px; line-height: 1.7; overflow-wrap: break-word;\">\n<p>Wraz ze zmianami klimatu ro\u015bnie liczba kl\u0119sk \u017cywio\u0142owych.<\/p>\n<p>Aby zaradzi\u0107 znacznym szkodom wyrz\u0105dzonym przez powodzie, burze, susze, po\u017cary i inne zjawiska naturalne, nasz kraj przyj\u0105\u0142 specjalne przepisy przewiduj\u0105ce program rekompensat dla ofiar.<\/p>\n<p>Jakie szkody obejmuje ubezpieczenie od kl\u0119sk \u017cywio\u0142owych? Jak zg\u0142osi\u0107 roszczenie? Jaka jest wysoko\u015b\u0107 odszkodowania? Odpowied\u017a.<\/p>\n<h2 id=\"apmhv\" class=\"wp-block-heading\">Czym s\u0105 kl\u0119ski \u017cywio\u0142owe?<\/h2>\n<h3 id=\"6m85c\" class=\"wp-block-heading\">Katastrofa naturalna: definicja<\/h3>\n<p>Za kl\u0119ski \u017cywio\u0142owe uwa\u017ca si\u0119 nast\u0119puj\u0105ce zdarzenia:<\/p>\n<ul class=\"wp-block-list\" style=\"box-sizing: border-box;\">\n<li>pochodzenia naturalnego;<\/li>\n<li>nast\u0119puje nagle i brutalnie;<\/li>\n<li>wynikaj\u0105ce z nienormalnego nat\u0119\u017cenia czynnika naturalnego;<\/li>\n<li>powoduj\u0105c znaczne wstrz\u0105sy, kt\u00f3re mog\u0105 spowodowa\u0107 znaczne szkody materialne i straty ludzkie (spadaj\u0105ce ska\u0142y, ruchy gruntu itp.).<\/li>\n<\/ul>\n<h3 id=\"44nff\" class=\"wp-block-heading\">Lista kl\u0119sk \u017cywio\u0142owych obj\u0119tych gwarancj\u0105 we Francji<\/h3>\n<p>Ryzyka klimatyczne i l\u0105dowe mog\u0105 przybiera\u0107 r\u00f3\u017cne formy:<\/p>\n<ul class=\"wp-block-list\" style=\"box-sizing: border-box;\">\n<li>cyklony;<\/li>\n<li>burze;<\/li>\n<li>powodzie (zwi\u0105zane z gwa\u0142townymi powodziami, wylewaniem ciek\u00f3w wodnych, podnoszeniem si\u0119 poziomu w\u00f3d gruntowych, sp\u0142ywem powierzchniowym po intensywnych opadach deszczu);<\/li>\n<li>d\u0142ugie okresy suszy;<\/li>\n<li>trz\u0119sienia ziemi;<\/li>\n<li>tsunami;<\/li>\n<li>lawiny;<\/li>\n<li>wybuchy wulkan\u00f3w;<\/li>\n<li>osuwiska ziemi i lawiny b\u0142otne (osiadanie, spadanie kamieni, osuwiska).<\/li>\n<\/ul>\n<p>Od czasu wej\u015bcia w \u017cycie ustawy z dnia 25 czerwca 1990 r. obowi\u0105zkowe jest obj\u0119cie ubezpieczeniem od sztorm\u00f3w, huragan\u00f3w i cyklon\u00f3w \u201egwarancji po\u017caru\u201d, zar\u00f3wno w przypadku nieruchomo\u015bci, jak i pojazd\u00f3w mechanicznych.<\/p>\n<h2 id=\"fje4o\" class=\"wp-block-heading\">Czy ubezpieczenie od kl\u0119sk \u017cywio\u0142owych obejmuje po\u017cary?<\/h2>\n<p>We Francji po\u017cary generalnie nie s\u0105 obj\u0119te ubezpieczeniem od kl\u0119sk \u017cywio\u0142owych. Szkody spowodowane p\u0142omieniami s\u0105 obj\u0119te ubezpieczeniem od ognia w ramach polis ubezpieczeniowych domu obejmuj\u0105cych wiele ryzyk. Obejmuje ono szkody powsta\u0142e bezpo\u015brednio w wyniku po\u017caru. Ubezpieczony ma pi\u0119\u0107 dni na zg\u0142oszenie szkody w swoim towarzystwie ubezpieczeniowym. Musi on przedstawi\u0107 dow\u00f3d poniesionej szkody, zachowuj\u0105c wszystkie uszkodzone przedmioty i potwierdzaj\u0105c zagini\u0119cie mienia (faktury, zdj\u0119cia itp.). Ekspert wyznaczony przez ubezpieczyciela mo\u017ce przyby\u0107 i wyja\u015bni\u0107 przyczyny szkody oraz oszacowa\u0107 wysoko\u015b\u0107 poniesionych strat.<\/p>\n<figure class=\"wp-block-image\" style=\"margin-top: 0px; margin-bottom: 1em;\"><a style=\"background-color: transparent; color: #00aeef; display: inline-block;\" href=\"https:\/\/actu.capital.fr\/votre-argent\/catastrophe-technologique-1352224\" target=\"_blank\" rel=\"noopener\"><img decoding=\"async\" style=\"box-sizing: border-box; border-style: none; vertical-align: bottom;\" src=\"https:\/\/cap.img.pmdstatic.net\/fit\/http.3A.2F.2Fprd2-bone-image.2Es3-website-eu-west-1.2Eamazonaws.2Ecom.2Fcap.2F2019.2F10.2F02.2F59df299c-5200-46fb-a09a-a3727b3734dd.2Ejpeg\/100x100\/cr\/wqkgZW5kb3BhY2sgLyBHZXR0eSBJbWFnZXMgLyBDQVBJVEFM\/catastrophe-technologique-1352224.jpg\" alt=\"Katastrofa technologiczna: definicja i ubezpieczenie\" \/><\/a><\/figure>\n<h2 id=\"972n7\" class=\"wp-block-heading\">Co m\u00f3wi prawo o kl\u0119skach \u017cywio\u0142owych w roku 2024?<\/h2>\n<h3 id=\"30dpg\" class=\"wp-block-heading\">Kl\u0119ska \u017cywio\u0142owa i ubezpieczenie<\/h3>\n<p>Wzrost liczby kl\u0119sk \u017cywio\u0142owych doprowadzi\u0142 do utworzenia systemu rekompensat, kt\u00f3rego celem jest pokrycie skutk\u00f3w kl\u0119sk \u017cywio\u0142owych przez ubezpieczycieli od szk\u00f3d (\u00a0<a style=\"background-color: transparent; color: #00aeef;\" href=\"https:\/\/www.legifrance.gouv.fr\/codes\/id\/LEGIARTI000006792626\/2003-07-31\/\" target=\"_blank\" rel=\"noopener\">artyku\u0142y\u00a0<\/a>\u00a0<a style=\"background-color: transparent; color: #00aeef;\" href=\"https:\/\/www.legifrance.gouv.fr\/codes\/id\/LEGIARTI000006792626\/2003-07-31\/\" target=\"_blank\" rel=\"noopener\">L125-1 do\u00a0<\/a>\u00a0<a style=\"background-color: transparent; color: #00aeef;\" href=\"https:\/\/www.legifrance.gouv.fr\/codes\/id\/LEGIARTI000006792626\/2003-07-31\/\" target=\"_blank\" rel=\"noopener\">L125-6 Kodeksu ubezpieczeniowego<\/a>\u00a0).<\/p>\n<h3 id=\"fonrg\" class=\"wp-block-heading\">Dodatkowa premia za gwarancje \u201eSzkody\u201d<\/h3>\n<p>Program jest finansowany z jednolitej dop\u0142aty, kt\u00f3rej wysoko\u015b\u0107 ustala pa\u0144stwo. Dop\u0142ata ta ma zastosowanie do sk\u0142adek zwi\u0105zanych z gwarancjami \u201eSzkody\u201d udzielonymi na mocy umowy, kt\u00f3rych gwarancje stanowi\u0105 podstaw\u0119 do pokrycia ryzyka \u201eKl\u0119sk \u017bywio\u0142owych\u201d.<\/p>\n<h3 id=\"7jip6\" class=\"wp-block-heading\">Warunki korzystania z gwarancji na wypadek kl\u0119ski \u017cywio\u0142owej<\/h3>\n<p>Zgodnie z ustaw\u0105 z 13 lipca 1982 r., system prawny rekompensat za kl\u0119ski \u017cywio\u0142owe opiera si\u0119 na zasadzie solidarno\u015bci. Wymaga on wsp\u00f3\u0142wyst\u0119powania czterech element\u00f3w:<\/p>\n<ul class=\"wp-block-list\" style=\"box-sizing: border-box;\">\n<li>szkody powsta\u0142e w wyniku zdarzenia naturalnego o nienormalnym nat\u0119\u017ceniu;<\/li>\n<li>zwyk\u0142e \u015brodki zapobiegawcze nie przynosz\u0105 rezultatu;<\/li>\n<li>istnienie gwarancji \u201eSzkody\u201d dla ubezpieczonego mienia;<\/li>\n<li>uznanie stanu kl\u0119ski \u017cywio\u0142owej.<\/li>\n<\/ul>\n<figure class=\"wp-block-image\" style=\"margin-top: 0px; margin-bottom: 1em;\"><a style=\"background-color: transparent; color: #00aeef; display: inline-block;\" href=\"https:\/\/actu.capital.fr\/votre-argent\/assurance-protection-juridique-1313737\" target=\"_blank\" rel=\"noopener\"><img decoding=\"async\" style=\"box-sizing: border-box; border-style: none; vertical-align: bottom;\" src=\"https:\/\/cap.img.pmdstatic.net\/fit\/http.3A.2F.2Fprd2-bone-image.2Es3-website-eu-west-1.2Eamazonaws.2Ecom.2Fcap.2F2018.2F10.2F31.2Ffd2565b6-356b-4a18-add4-96af36c949cd.2Ejpeg\/100x100\/cr\/wqkgQ2xhc3NlbiBSYWZhZWwgLyBFeWVFbSAvIEdldHR5IC8gQ0FQSVRBTA%3D%3D\/assurance-protection-juridique-1313737.jpg\" alt=\"Do czego s\u0142u\u017cy ubezpieczenie ochrony prawnej?\" \/><\/a><\/figure>\n<h2 id=\"7shpr\" class=\"wp-block-heading\">Jakie s\u0105 kroki w celu rozpoznania stanu kl\u0119ski \u017cywio\u0142owej?<\/h2>\n<h3 id=\"ck80v\" class=\"wp-block-heading\">Wniosek o uznanie stanu kl\u0119ski \u017cywio\u0142owej<\/h3>\n<p>Wniosek o og\u0142oszenie stanu kl\u0119ski \u017cywio\u0142owej sk\u0142ada w\u00f3jt lub burmistrz gminy dotkni\u0119tej kl\u0119sk\u0105 \u017cywio\u0142ow\u0105. W terminie maksymalnie 24 miesi\u0119cy w\u00f3jt lub burmistrz musi:<\/p>\n<ul class=\"wp-block-list\" style=\"box-sizing: border-box;\">\n<li>wype\u0142nij formularz cyfrowy na\u00a0 stronie internetowej\u00a0<a style=\"background-color: transparent; color: #00aeef;\" href=\"https:\/\/www.icatnat.interieur.gouv.fr\/mairie\/accueil\/\" target=\"_blank\" rel=\"noreferrer noopener\">iCatNat<\/a>\u00a0\u00a0;<\/li>\n<li>lub wys\u0142a\u0107 formularz Cerfa nr 13669*01 do prefektury (us\u0142uga SIDPC).<\/li>\n<\/ul>\n<h3 id=\"7aicm\" class=\"wp-block-heading\">Rola prefekta<\/h3>\n<p>Prefekt \u017c\u0105da r\u00f3wnie\u017c kilku raport\u00f3w technicznych i meteorologicznych, aby udowodni\u0107 wyst\u0105pienie kl\u0119ski \u017cywio\u0142owej i jej anormaln\u0105 aktywno\u015b\u0107 (trz\u0119sienie ziemi, pow\u00f3d\u017a itp.). Prefekt musi r\u00f3wnie\u017c wyznaczy\u0107 przedstawiciela ds. kl\u0119sk \u017cywio\u0142owych, kt\u00f3ry u\u0142atwi kontakt z w\u0142adzami lokalnymi.<\/p>\n<h3 id=\"7k9kv\" class=\"wp-block-heading\">Komisja mi\u0119dzyresortowa<\/h3>\n<p>Wniosek rozpatruje komisja mi\u0119dzyresortowa (Ministerstwa Spraw Wewn\u0119trznych, Gospodarki i Finans\u00f3w, Dzia\u0142alno\u015bci i Rachunk\u00f3w Publicznych), kt\u00f3ra nast\u0119pnie publikuje swoj\u0105 decyzj\u0119 w drodze rozporz\u0105dzenia mi\u0119dzyresortowego w\u00a0<em>Dzienniku\u00a0<\/em>\u00a0<em>Urz\u0119dowym<\/em>\u00a0.<\/p>\n<h3 id=\"c21b5\" class=\"wp-block-heading\">Opinia Komisji<\/h3>\n<p>W\u00f3wczas mo\u017cliwe s\u0105 dwie opcje:<\/p>\n<ul class=\"wp-block-list\" style=\"box-sizing: border-box;\">\n<li>W przypadku pozytywnej opinii komisja mi\u0119dzyresortowa powiadamia o opublikowaniu rozporz\u0105dzenia gminy, aby te mog\u0142y poinformowa\u0107 o tym swoich mieszka\u0144c\u00f3w.<\/li>\n<li>Je\u017celi komisja wyda opini\u0119 negatywn\u0105, sprawa zostaje zamkni\u0119ta, gdy\u017c nie uda\u0142o si\u0119 udowodni\u0107 nienormalnej intensywno\u015bci zjawiska naturalnego.<\/li>\n<\/ul>\n<figure class=\"wp-block-image\" style=\"margin-top: 0px; margin-bottom: 1em;\"><a style=\"background-color: transparent; color: #00aeef; display: inline-block;\" href=\"https:\/\/actu.capital.fr\/votre-argent\/assurance-neige-et-montagne-est-elle-necessaire-pour-partir-au-ski-1462346\" target=\"_blank\" rel=\"noopener\"><img decoding=\"async\" style=\"box-sizing: border-box; border-style: none; vertical-align: bottom;\" src=\"https:\/\/cap.img.pmdstatic.net\/fit\/https.3A.2F.2Fi.2Epmdstatic.2Enet.2Fcap.2F2023.2F03.2F07.2F9a1d0665-9fb3-4c31-841f-60b0bec95a39.2Ejpeg\/100x100\/cr\/wqkgYW5hdG9saXlfZ2xlYiAvIENBUElUQUw%3D\/assurance-neige-et-montagne-est-elle-necessaire-pour-partir-au-ski-1462346.jpg\" alt=\"Ubezpieczenie od \u015bniegu i g\u00f3r: czy jest konieczne, \u017ceby je\u017adzi\u0107 na nartach?\" \/><\/a><\/figure>\n<h2 id=\"7817k\" class=\"wp-block-heading\">Jak rozpozna\u0107, czy gmina znajduje si\u0119 w stanie kl\u0119ski \u017cywio\u0142owej?<\/h2>\n<h3 id=\"eggat\" class=\"wp-block-heading\">Sprawd\u017a Dziennik Urz\u0119dowy<\/h3>\n<p>Aby dowiedzie\u0107 si\u0119, czy w Twojej gminie wyst\u0119puje stan kl\u0119ski \u017cywio\u0142owej, nale\u017cy regularnie sprawdza\u0107 w\u00a0<a style=\"background-color: transparent; color: #00aeef;\" href=\"https:\/\/www.legifrance.gouv.fr\/jorf\/id\/JORFTEXT000048865409\" target=\"_blank\" rel=\"noopener\">Dzienniku Urz\u0119dowym<\/a>\u00a0, czy opublikowano dekret mi\u0119dzyresortowy o og\u0142oszeniu stanu kl\u0119ski \u017cywio\u0142owej. Na przyk\u0142ad, po powodzi w Pas-de-Calais w listopadzie 2023 r., 181 gmin zosta\u0142o obj\u0119tych stanem kl\u0119ski \u017cywio\u0142owej. W grudniu 2023 r., po kolejnych niekorzystnych warunkach pogodowych w regionie, og\u0142oszono stan kl\u0119ski \u017cywio\u0142owej w 84 kolejnych gminach.<\/p>\n<h3 id=\"9tm5g\" class=\"wp-block-heading\">Popro\u015b lokalne w\u0142adze o informacje<\/h3>\n<p>W przeciwnym razie mo\u017cna uzyska\u0107 informacje w urz\u0119dzie miasta lub prefekturze danej gminy, a nawet w prasie.<\/p>\n<h2 id=\"v8md\" class=\"wp-block-heading\">Kto wyp\u0142aca odszkodowania w przypadku kl\u0119ski \u017cywio\u0142owej?<\/h2>\n<p>Ubezpieczenie od kl\u0119sk \u017cywio\u0142owych nie jest obowi\u0105zkowe i dlatego nie wchodzi w zakres gwarancji tradycyjnych um\u00f3w ubezpieczeniowych (takich jak\u00a0<a style=\"background-color: transparent; color: #00aeef;\" href=\"https:\/\/actu.capital.fr\/immobilier\/responsabilite-civile-locative-1373992\" target=\"_blank\" rel=\"noopener\">odpowiedzialno\u015b\u0107 cywilna<\/a>\u00a0).<\/p>\n<h3 id=\"d07k4\" class=\"wp-block-heading\">Umowy ubezpieczenia od szk\u00f3d<\/h3>\n<p>Tylko posiadacze polisy, kt\u00f3ra obejmuje co najmniej jedn\u0105\u00a0<a style=\"background-color: transparent; color: #00aeef;\" href=\"https:\/\/actu.capital.fr\/auto\/garantie-dommages-tous-accidents-couverture-et-limites-1394040\" target=\"_blank\" rel=\"noopener\">gwarancj\u0119 na pokrycie szk\u00f3d<\/a>\u00a0materialnych , s\u0105 automatycznie uprawnieni do ubezpieczenia od kl\u0119sk \u017cywio\u0142owych. W zwi\u0105zku z tym, w przypadku budynk\u00f3w i mebli, posiadacze polisy ubezpieczeniowo-\u00a0<a style=\"background-color: transparent; color: #00aeef;\" href=\"https:\/\/actu.capital.fr\/immobilier\/assurance-multirisque-habitation-1323635\" target=\"_blank\" rel=\"noopener\">mieszkaniowej obejmuj\u0105cej wiele ryzyk<\/a>\u00a0s\u0105 obj\u0119ci ochron\u0105. Nale\u017cy jednak pami\u0119ta\u0107, \u017ce nie wszystkie mienie jest obj\u0119te ubezpieczeniem, dlatego najlepiej to sprawdzi\u0107 przed z\u0142o\u017ceniem roszczenia.<\/p>\n<h3 id=\"eev6k\" class=\"wp-block-heading\">Gwarancje szczeg\u00f3\u0142owe<\/h3>\n<p>To samo dotyczy posiadaczy um\u00f3w obejmuj\u0105cych jedynie ryzyko po\u017caru, kradzie\u017cy lub\u00a0<a style=\"background-color: transparent; color: #00aeef;\" href=\"https:\/\/actu.capital.fr\/auto\/bris-de-glace-1324998\" target=\"_blank\" rel=\"noopener\">st\u0142uczenia szyby<\/a>\u00a0(dotyczy to w szczeg\u00f3lno\u015bci wielu pojazd\u00f3w mechanicznych ubezpieczonych wy\u0142\u0105cznie w ramach tzw. ubezpieczenia \u201eos\u00f3b trzecich\u201d obejmuj\u0105cego kradzie\u017c, po\u017car lub st\u0142uczenie szyby).<\/p>\n<h2 id=\"b0ged\" class=\"wp-block-heading\">Jakie szkody obejmuje gwarancja na wypadek kl\u0119ski \u017cywio\u0142owej?<\/h2>\n<p>Gwarancja z tytu\u0142u kl\u0119sk \u017cywio\u0142owych realizowana jest w granicach gwarancji przewidzianych w umowie (w szczeg\u00f3lno\u015bci dotycz\u0105cych wyposa\u017cenia ubezpieczonego obiektu, niezale\u017cnie czy jest to ryzyko szczeg\u00f3lne czy zawodowe).<\/p>\n<h3 id=\"6cd9a\" class=\"wp-block-heading\">Szkody bezpo\u015brednie<\/h3>\n<p>Rekompensata obejmuje wy\u0142\u0105cznie szkody bezpo\u015brednie. Mo\u017ce to obejmowa\u0107 szkody bezpo\u015brednie zwi\u0105zane ze sprz\u0119tem, budynkami, towarami lub meblami.<\/p>\n<h3 id=\"7b8eo\" class=\"wp-block-heading\">Straty operacyjne<\/h3>\n<p>Straty operacyjne i dodatkowe koszty operacyjne wynikaj\u0105ce ze szk\u00f3d materialnych w ubezpieczonym mieniu s\u0105 r\u00f3wnie\u017c obj\u0119te gwarancj\u0105.<\/p>\n<h3 id=\"20aei\" class=\"wp-block-heading\">Awaryjne zakwaterowanie<\/h3>\n<p>Od 28 listopada 2023 r. osoby, kt\u00f3re po kl\u0119sce \u017cywio\u0142owej zakwaterowa\u0142y pensjonariuszy w swoim g\u0142\u00f3wnym miejscu zamieszkania, mog\u0105 otrzyma\u0107 odszkodowanie za poniesione koszty.<\/p>\n<h3 id=\"fbvi8\" class=\"wp-block-heading\">Szkody po\u015brednie nie s\u0105 obj\u0119te ubezpieczeniem<\/h3>\n<p>Koszty po\u015brednie (zwi\u0105zane z czasow\u0105 utrat\u0105 mo\u017cliwo\u015bci u\u017cytkowania zniszczonego mienia itp.) s\u0105 wy\u0142\u0105czone z zakresu ubezpieczenia od kl\u0119sk \u017cywio\u0142owych. Pozostaj\u0105 one w gestii ofiar kl\u0119sk \u017cywio\u0142owych, chyba \u017ce umowa stanowi inaczej.<\/p>\n<figure class=\"wp-block-image\" style=\"margin-top: 0px; margin-bottom: 1em;\"><a style=\"background-color: transparent; color: #00aeef; display: inline-block;\" href=\"https:\/\/actu.capital.fr\/votre-argent\/franchise-en-assurance-definition-type-et-fonctionnement-1478295\" target=\"_blank\" rel=\"noopener\"><img decoding=\"async\" style=\"box-sizing: border-box; border-style: none; vertical-align: bottom;\" src=\"https:\/\/cap.img.pmdstatic.net\/fit\/https.3A.2F.2Fi.2Epmdstatic.2Enet.2Fcap.2F2023.2F09.2F05.2F6a855ceb-f993-46e7-8d89-a02e8c51197a.2Ejpeg\/100x100\/cr\/wqkgQWRvYmUgU3RvY2sgLyBDQVBJVEFM\/franchise-en-assurance-definition-type-et-fonctionnement-1478295.jpg\" alt=\"Franszyza ubezpieczeniowa: definicja, rodzaj i dzia\u0142anie\" \/><\/a><\/figure>\n<h2 id=\"epb56\" class=\"wp-block-heading\">Jak d\u0142ugo trwa zg\u0142oszenie roszczenia?<\/h2>\n<p>Od 1 stycznia 2023 roku ubezpieczony ma 30 dni roboczych, a nie 10, od daty publikacji w\u00a0<em>Dzienniku\u00a0<\/em>\u00a0<em>Urz\u0119dowym<\/em>\u00a0, na zg\u0142oszenie roszczenia do ubezpieczyciela. Jednak\u017ce, o ile nie ma pewno\u015bci, \u017ce dosz\u0142o do stanu kl\u0119ski \u017cywio\u0142owej (skonsultuj si\u0119 z lokalnym urz\u0119dem miasta\/gminy), zaleca si\u0119 zg\u0142oszenie roszczenia w ci\u0105gu pi\u0119ciu do dziesi\u0119ciu dni od jego wyst\u0105pienia.<\/p>\n<h2 id=\"5qkt7\" class=\"wp-block-heading\">Jak zg\u0142osi\u0107 kl\u0119sk\u0119 \u017cywio\u0142ow\u0105?<\/h2>\n<p>Trzy kroki niezb\u0119dne do uzyskania odszkodowania to powo\u0142anie si\u0119 na gwarancj\u0119, zg\u0142oszenie roszczenia i uzyskanie wyceny od eksperta.<\/p>\n<h3 id=\"457mh\" class=\"wp-block-heading\">Rozporz\u0105dzenie w sprawie kl\u0119ski \u017cywio\u0142owej w Dzienniku Urz\u0119dowym i obszary, kt\u00f3rych ono dotyczy<\/h3>\n<p>Aby ubezpieczenie zrekompensowa\u0142o strat\u0119, konieczne jest przede wszystkim rozporz\u0105dzenie mi\u0119dzyresortowe stwierdzaj\u0105ce stan kl\u0119ski \u017cywio\u0142owej lub katastrofy technologicznej.<\/p>\n<p>Gwarancja zostaje aktywowana po jej opublikowaniu w\u00a0<em>Dzienniku\u00a0<\/em>\u00a0<em>Urz\u0119dowym<\/em>\u00a0. Dekret okre\u015bla obszary geograficzne, kt\u00f3rych dotyczy, oraz daty wyst\u0105pienia zdarzenia.<\/p>\n<h3 id=\"c2pot\" class=\"wp-block-heading\">Ocena uszkodze\u0144<\/h3>\n<p>Ubezpieczony musi przedstawi\u0107 o\u015bwiadczenie o szkodach i stratach, w kt\u00f3rym wyszczeg\u00f3lnione zostan\u0105 wszystkie poniesione straty, wraz z dokumentami potwierdzaj\u0105cymi wysoko\u015b\u0107 wyp\u0142aconych kwot (kosztorysy wymiany lub naprawy, dowody istnienia szkody, np. faktury, wcze\u015bniejsze wyceny, zdj\u0119cia itp.).<\/p>\n<p>Lepiej zachowa\u0107 uszkodzone przedmioty do wyceny.<\/p>\n<h3 id=\"ah51e\" class=\"wp-block-heading\">Deklaracja kl\u0119ski \u017cywio\u0142owej<\/h3>\n<p>O\u015bwiadczenie nale\u017cy wys\u0142a\u0107 listem poleconym do ubezpieczyciela odpowiedzialnego za umow\u0119. Musi ono okre\u015bla\u0107:<\/p>\n<ul class=\"wp-block-list\" style=\"box-sizing: border-box;\">\n<li>dane kontaktowe ubezpieczonego;<\/li>\n<li>numer umowy ubezpieczeniowej;<\/li>\n<li>szczeg\u00f3\u0142owe informacje o zdarzeniu (rodzaj, data, godzina, miejsce);<\/li>\n<li>szczeg\u00f3\u0142owy spis uszkodze\u0144 wraz z dowodem zakupu;<\/li>\n<li>jakiekolwiek szkody wyrz\u0105dzone s\u0105siadowi lub osobie trzeciej.<\/li>\n<\/ul>\n<h2 id=\"m68g\" class=\"wp-block-heading\">Jaka jest kwota odliczenia w przypadku kl\u0119ski \u017cywio\u0142owej?<\/h2>\n<p>W przypadku kl\u0119ski \u017cywio\u0142owej (trz\u0119sienia ziemi, powodzi itp.)\u00a0<a style=\"background-color: transparent; color: #00aeef;\" href=\"https:\/\/actu.capital.fr\/votre-argent\/franchise-en-assurance-definition-type-et-fonctionnement-1478295\" target=\"_blank\" rel=\"noopener\">stosuje si\u0119 franszyz\u0119<\/a>\u00a0. Jest ona ustalana dekretem i zmienia si\u0119 w zale\u017cno\u015bci od rodzaju szkody.<\/p>\n<h3 id=\"6u72g\" class=\"wp-block-heading\">Za zniszczone mienie osobiste<\/h3>\n<p>W przypadku maj\u0105tku osobistego nale\u017cy dostarczy\u0107:<\/p>\n<ul class=\"wp-block-list\" style=\"box-sizing: border-box;\">\n<li>380 euro za domy lub inn\u0105 nieruchomo\u015b\u0107 przeznaczon\u0105 do u\u017cytku nieprofesjonalnego;<\/li>\n<li>1520 euro, je\u015bli nieruchomo\u015b\u0107 zosta\u0142a uszkodzona przez osuwiska zwi\u0105zane z susz\u0105.<\/li>\n<\/ul>\n<p>Je\u017celi kwota udzia\u0142u w\u0142asnego przewidziana w umowie jest wy\u017csza od kwot podanych powy\u017cej, stosuje si\u0119 kwot\u0119 udzia\u0142u w\u0142asnego przewidzian\u0105 w umowie.<\/p>\n<h3 id=\"bl670\" class=\"wp-block-heading\">W przypadku towar\u00f3w uszkodzonych w wyniku uszkodzenia zawodowego<\/h3>\n<p>W przypadku towar\u00f3w przeznaczonych do u\u017cytku profesjonalnego wysoko\u015b\u0107 udzia\u0142u w\u0142asnego wynosi 10% kwoty bezpo\u015bredniej szkody rzeczowej poniesionej przez ubezpieczonego, na dany zak\u0142ad i na ka\u017cde zdarzenie:<\/p>\n<ul class=\"wp-block-list\" style=\"box-sizing: border-box;\">\n<li>To co najmniej 1140 euro.<\/li>\n<li>Kwota ta wzrasta do 3050 euro w przypadku szk\u00f3d spowodowanych nier\u00f3wnomiernymi ruchami gruntu na skutek suszy i\/lub nag\u0142ego nawodnienia gleby.<\/li>\n<\/ul>\n<figure class=\"wp-block-image\" style=\"margin-top: 0px; margin-bottom: 1em;\"><a style=\"background-color: transparent; color: #00aeef; display: inline-block;\" href=\"https:\/\/actu.capital.fr\/votre-argent\/franchise-assurance-habitation-1356301\" target=\"_blank\" rel=\"noopener\"><img decoding=\"async\" style=\"box-sizing: border-box; border-style: none; vertical-align: bottom;\" src=\"https:\/\/cap.img.pmdstatic.net\/fit\/http.3A.2F.2Fprd2-bone-image.2Es3-website-eu-west-1.2Eamazonaws.2Ecom.2Fcap.2F2019.2F10.2F08.2F186481ec-b1fd-4108-97e6-dcd19b7d9e07.2Ejpeg\/100x100\/background-color\/ffffff\/quality\/70\/cr\/wqkgTWFyZ29lRWR3YXJkcyAvIEdldHR5IEltYWdlcyAvIENBUElUQUw%3D\/franchise-assurance-habitation-1356301.jpg\" alt=\"Odliczenie z tytu\u0142u ubezpieczenia domu: zasada i kwota\" \/><\/a><\/figure>\n<h2 id=\"95bll\" class=\"wp-block-heading\">Jaka jest wysoko\u015b\u0107 odszkodowania w przypadku kl\u0119ski \u017cywio\u0142owej?<\/h2>\n<p>Nie ma regu\u0142y; wszystko zale\u017cy od ubezpieczyciela i umowy ubezpieczenia, a odszkodowanie ustalane jest na podstawie opinii bieg\u0142ego i warunk\u00f3w umowy. Cz\u0119sto ta kwota nie wystarcza na pokrycie ca\u0142ej szkody, poniewa\u017c niekt\u00f3re wydatki mog\u0105 by\u0107 wy\u0142\u0105czone z odszkodowania ze wzgl\u0119du na warunki umowy. Ponadto, do koszt\u00f3w obj\u0119tych umow\u0105 mog\u0105 mie\u0107 zastosowanie ograniczenia gwarancji i franszyzy.<\/p>\n<h2 id=\"7cb2u\" class=\"wp-block-heading\">Jak d\u0142ugo czeka si\u0119 na odszkodowanie?<\/h2>\n<h3 id=\"al7t5\" class=\"wp-block-heading\">Okres trzech miesi\u0119cy<\/h3>\n<p>Ubezpieczyciel jest zobowi\u0105zany wyp\u0142aci\u0107 odszkodowanie w terminie trzech miesi\u0119cy od dnia z\u0142o\u017cenia przez ubezpieczonego o\u015bwiadczenia o poniesionych szkodach i stratach (lub w terminie trzech miesi\u0119cy od daty publikacji zarz\u0105dzenia, je\u015bli jest to termin p\u00f3\u017aniejszy).<\/p>\n<h3 id=\"brhp\" class=\"wp-block-heading\">Dostawa po dw\u00f3ch miesi\u0105cach<\/h3>\n<p>Jednak\u017ce towarzystwo ubezpieczeniowe ma obowi\u0105zek wyp\u0142aci\u0107 kwot\u0119 stanowi\u0105c\u0105 rezerw\u0119 na przysz\u0142e odszkodowania w terminie dw\u00f3ch miesi\u0119cy od dnia przedstawienia szacunkowego stanu uszkodzonego mienia.<\/p>\n<\/div>\n<\/div>\n","protected":false},"excerpt":{"rendered":"<p>Wraz ze zmianami klimatu ro\u015bnie liczba kl\u0119sk \u017cywio\u0142owych. Aby zaradzi\u0107 znacznym szkodom wyrz\u0105dzonym przez powodzie, burze, susze, po\u017cary i inne zjawiska naturalne, nasz kraj przyj\u0105\u0142 &hellip; <\/p>\n","protected":false},"author":1,"featured_media":0,"comment_status":"open","ping_status":"open","sticky":false,"template":"","format":"standard","meta":{"footnotes":""},"categories":[1],"tags":[],"class_list":["post-1161","post","type-post","status-publish","format-standard","hentry","category-uncategorized"],"aioseo_notices":[],"_links":{"self":[{"href":"https:\/\/dailynewsfreshz.com\/index.php?rest_route=\/wp\/v2\/posts\/1161","targetHints":{"allow":["GET"]}}],"collection":[{"href":"https:\/\/dailynewsfreshz.com\/index.php?rest_route=\/wp\/v2\/posts"}],"about":[{"href":"https:\/\/dailynewsfreshz.com\/index.php?rest_route=\/wp\/v2\/types\/post"}],"author":[{"embeddable":true,"href":"https:\/\/dailynewsfreshz.com\/index.php?rest_route=\/wp\/v2\/users\/1"}],"replies":[{"embeddable":true,"href":"https:\/\/dailynewsfreshz.com\/index.php?rest_route=%2Fwp%2Fv2%2Fcomments&post=1161"}],"version-history":[{"count":1,"href":"https:\/\/dailynewsfreshz.com\/index.php?rest_route=\/wp\/v2\/posts\/1161\/revisions"}],"predecessor-version":[{"id":1162,"href":"https:\/\/dailynewsfreshz.com\/index.php?rest_route=\/wp\/v2\/posts\/1161\/revisions\/1162"}],"wp:attachment":[{"href":"https:\/\/dailynewsfreshz.com\/index.php?rest_route=%2Fwp%2Fv2%2Fmedia&parent=1161"}],"wp:term":[{"taxonomy":"category","embeddable":true,"href":"https:\/\/dailynewsfreshz.com\/index.php?rest_route=%2Fwp%2Fv2%2Fcategories&post=1161"},{"taxonomy":"post_tag","embeddable":true,"href":"https:\/\/dailynewsfreshz.com\/index.php?rest_route=%2Fwp%2Fv2%2Ftags&post=1161"}],"curies":[{"name":"wp","href":"https:\/\/api.w.org\/{rel}","templated":true}]}}