{"id":1938,"date":"2026-08-30T08:09:32","date_gmt":"2026-08-30T08:09:32","guid":{"rendered":"https:\/\/dailynewsfreshz.com\/?p=1938"},"modified":"2026-08-30T08:09:32","modified_gmt":"2026-08-30T08:09:32","slug":"thorsten-legat-rechnet-mit-friedrich-merz-ab-keiner-nimmt-ihn-mehr-ernst","status":"publish","type":"post","link":"https:\/\/dailynewsfreshz.com\/?p=1938","title":{"rendered":"Thorsten Legat rechnet mit Friedrich Merz ab: \u201eKeiner nimmt ihn mehr ernst\u201c"},"content":{"rendered":"<h1><img loading=\"lazy\" decoding=\"async\" class=\"alignnone size-full wp-image-1939\" src=\"https:\/\/dailynewsfreshz.com\/wp-content\/uploads\/2026\/08\/786742466_122341503518011473_134670537334064614_n.jpg\" alt=\"\" width=\"1613\" height=\"2000\" srcset=\"https:\/\/dailynewsfreshz.com\/wp-content\/uploads\/2026\/08\/786742466_122341503518011473_134670537334064614_n.jpg 1613w, https:\/\/dailynewsfreshz.com\/wp-content\/uploads\/2026\/08\/786742466_122341503518011473_134670537334064614_n-242x300.jpg 242w, https:\/\/dailynewsfreshz.com\/wp-content\/uploads\/2026\/08\/786742466_122341503518011473_134670537334064614_n-826x1024.jpg 826w, https:\/\/dailynewsfreshz.com\/wp-content\/uploads\/2026\/08\/786742466_122341503518011473_134670537334064614_n-768x952.jpg 768w, https:\/\/dailynewsfreshz.com\/wp-content\/uploads\/2026\/08\/786742466_122341503518011473_134670537334064614_n-1239x1536.jpg 1239w\" sizes=\"auto, (max-width: 1613px) 100vw, 1613px\" \/><\/h1>\n<p><strong>Deutliche Worte von Thorsten Legat gegen Bundeskanzler Friedrich Merz:<\/strong> Der ehemalige Bundesliga-Profi und Reality-TV-Star hat in einem Interview seine Unzufriedenheit mit der politischen Entwicklung in Deutschland deutlich gemacht. Dabei spart der 57-J\u00e4hrige auch nicht mit Kritik am Regierungschef.<\/p>\n<p>In einem Gespr\u00e4ch mit der <strong>\u201eNeuen Osnabr\u00fccker Zeitung\u201c<\/strong> \u00e4u\u00dferte sich Legat ungew\u00f6hnlich deutlich \u00fcber die aktuelle Bundesregierung. Er erkl\u00e4rte, dass er den Eindruck habe, dass Friedrich Merz seine angek\u00fcndigten politischen Ver\u00e4nderungen bislang nicht ausreichend umgesetzt habe. Legat stellte dabei grunds\u00e4tzlich infrage, ob der Kanzler das Land so regiere, wie er es zu Beginn seiner Amtszeit angek\u00fcndigt habe.<\/p>\n<h2>Scharfe Kritik an Merz<\/h2>\n<p>Besonders deutlich wurde Legat bei seiner Einsch\u00e4tzung des Bundeskanzlers. Er warf Merz vor, zu Beginn seiner Amtszeit zahlreiche Ver\u00e4nderungen angek\u00fcndigt zu haben, w\u00e4hrend aus seiner Sicht anschlie\u00dfend zu wenig passiert sei.<\/p>\n<p>Sinngem\u00e4\u00df kritisierte der ehemalige Fu\u00dfballprofi, dass Merz an Glaubw\u00fcrdigkeit verliere und von vielen Menschen nicht mehr ernst genommen werde. In dem Interview fiel dabei auch die \u00e4u\u00dferst zugespitzte Bezeichnung, Merz sei eine \u201eMarionette Deutschlands\u201c.<\/p>\n<p>Legat machte damit klar, dass seine Kritik nicht nur einzelne politische Entscheidungen betrifft. Vielmehr geht es ihm um die grunds\u00e4tzliche Frage, ob die Bundesregierung die Erwartungen der Bev\u00f6lkerung erf\u00fcllen kann.<\/p>\n<h2>Besonders eine Aussage sorgt f\u00fcr Unverst\u00e4ndnis<\/h2>\n<p>Ein weiterer Punkt, der Legat besonders besch\u00e4ftigte, war die Debatte \u00fcber die Arbeitsmoral in Deutschland.<\/p>\n<p>Merz hatte sich \u00f6ffentlich zur Arbeitswelt und zur Notwendigkeit ge\u00e4u\u00dfert, dass die Menschen wieder mehr arbeiten m\u00fcssten. Legat reagierte darauf mit deutlicher Skepsis. F\u00fcr ihn gehe eine solche Darstellung an der Lebensrealit\u00e4t vieler Menschen vorbei.<\/p>\n<p>Der Reality-TV-Star verwies dabei auf Menschen, die trotz gro\u00dfer pers\u00f6nlicher Anstrengung finanziell kaum \u00fcber die Runden kommen. Er schilderte sinngem\u00e4\u00df F\u00e4lle von Familien, in denen mehrere Arbeitsstellen notwendig seien, um den Lebensunterhalt zu sichern.<\/p>\n<p>Gerade deshalb k\u00f6nne er nicht nachvollziehen, wenn gleichzeitig der Eindruck vermittelt werde, die Deutschen w\u00fcrden grunds\u00e4tzlich nicht genug arbeiten.<\/p>\n<h2>Auch pers\u00f6nliche Aussagen des Kanzlers besch\u00e4ftigen Legat<\/h2>\n<p>Legat kritisierte zudem Aussagen von Merz \u00fcber die finanzielle Absicherung seiner Familie durch Investments.<\/p>\n<p>F\u00fcr den ehemaligen Fu\u00dfballprofi steht dabei die Frage im Mittelpunkt, wie politische Aussagen bei Menschen ankommen, die mit steigenden Kosten und finanziellen Problemen k\u00e4mpfen. Seine Kritik richtet sich deshalb auch gegen eine aus seiner Sicht zu gro\u00dfe Distanz zwischen politischer F\u00fchrung und dem Alltag vieler B\u00fcrger.<\/p>\n<p>Legat argumentiert damit weniger aus einer klassischen parteipolitischen Perspektive, sondern aus seiner pers\u00f6nlichen Wahrnehmung der Situation in Deutschland.<\/p>\n<h2>Sorge vor dem weiteren Aufstieg der AfD<\/h2>\n<p>Neben seiner Kritik an Merz \u00e4u\u00dferte sich Legat auch besorgt \u00fcber die politische Entwicklung insgesamt.<\/p>\n<p>Besonders der zunehmende Erfolg der AfD bereite ihm Sorgen. Berichten zufolge erkl\u00e4rte der ehemalige Bundesliga-Profi, dass ihm die politische Entwicklung Angst mache. Die zunehmende Unzufriedenheit in Teilen der Bev\u00f6lkerung k\u00f6nne seiner Einsch\u00e4tzung nach dazu f\u00fchren, dass die AfD weiter an Unterst\u00fctzung gewinnt.<\/p>\n<p>Damit verbindet Legat seine Kritik an der Bundesregierung mit einer gr\u00f6\u00dferen politischen Entwicklung: Wenn Menschen das Vertrauen in die etablierten Parteien verlieren, k\u00f6nnten Protestparteien davon profitieren.<\/p>\n<h2>Kritik kommt zu einem politisch schwierigen Zeitpunkt<\/h2>\n<p>Legats \u00c4u\u00dferungen fallen in eine Phase, in der Friedrich Merz und seine schwarz-rote Bundesregierung ohnehin unter erheblichem politischen Druck stehen.<\/p>\n<p>Auch aktuelle politische Analysen sehen Herausforderungen f\u00fcr Merz und die Koalition. Gleichzeitig gibt es innerhalb des Regierungsb\u00fcndnisses Diskussionen \u00fcber wirtschaftliche Reformen, Steuern, Rentenpolitik und den weiteren politischen Kurs.<\/p>\n<p>Legats Aussagen sind dabei vor allem als pers\u00f6nliche Einsch\u00e4tzung eines prominenten Ex-Fu\u00dfballers und Reality-TV-Stars einzuordnen. Sie stellen keine unabh\u00e4ngige Bewertung der Regierungsarbeit dar.<\/p>\n<p>Dennoch sorgen seine ungew\u00f6hnlich direkten Worte f\u00fcr Aufmerksamkeit \u2013 insbesondere, weil Legat nicht nur einzelne Entscheidungen kritisiert, sondern die politische F\u00fchrung des Landes grunds\u00e4tzlich infrage stellt.<\/p>\n<p><strong>Die Debatte um Friedrich Merz d\u00fcrfte damit weitergehen. Und angesichts der wachsenden politischen Unzufriedenheit in Deutschland k\u00f6nnten solche prominenten Stimmen zus\u00e4tzliche Aufmerksamkeit bekommen.<\/strong><\/p>\n","protected":false},"excerpt":{"rendered":"<p>Deutliche Worte von Thorsten Legat gegen Bundeskanzler Friedrich Merz: Der ehemalige Bundesliga-Profi und Reality-TV-Star hat in einem Interview seine Unzufriedenheit mit der politischen Entwicklung in &hellip; <\/p>\n","protected":false},"author":1,"featured_media":0,"comment_status":"open","ping_status":"open","sticky":false,"template":"","format":"standard","meta":{"footnotes":""},"categories":[1],"tags":[],"class_list":["post-1938","post","type-post","status-publish","format-standard","hentry","category-uncategorized"],"aioseo_notices":[],"aioseo_head":"\n\t\t<!-- All in One SEO 5.0.0.1 - aioseo.com -->\n\t<meta name=\"description\" content=\"Deutliche Worte von Thorsten Legat gegen Bundeskanzler Friedrich Merz: Der ehemalige Bundesliga-Profi und Reality-TV-Star hat in einem Interview seine Unzufriedenheit mit der politischen Entwicklung in Deutschland deutlich gemacht. Dabei spart der 57-J\u00e4hrige auch nicht mit Kritik am Regierungschef. In einem Gespr\u00e4ch mit der \u201eNeuen Osnabr\u00fccker Zeitung\u201c \u00e4u\u00dferte sich Legat ungew\u00f6hnlich deutlich \u00fcber die aktuelle Bundesregierung.\" \/>\n\t<meta name=\"robots\" content=\"max-image-preview:large\" \/>\n\t<meta name=\"author\" content=\"anhadmin\"\/>\n\t<link rel=\"canonical\" href=\"https:\/\/dailynewsfreshz.com\/?p=1938\" \/>\n\t<meta name=\"generator\" content=\"All in One SEO (AIOSEO) 5.0.0.1\" \/>\n\t\t<meta property=\"og:locale\" content=\"en_US\" \/>\n\t\t<meta property=\"og:site_name\" content=\"\u041f. \u041a. \u042f\u0432\u043e\u0440\u043e\u0432 -\" \/>\n\t\t<meta property=\"og:type\" content=\"article\" \/>\n\t\t<meta property=\"og:title\" content=\"Thorsten Legat rechnet mit Friedrich Merz ab: \u201eKeiner nimmt ihn mehr ernst\u201c - \u041f. \u041a. \u042f\u0432\u043e\u0440\u043e\u0432\" \/>\n\t\t<meta property=\"og:description\" content=\"Deutliche Worte von Thorsten Legat gegen Bundeskanzler Friedrich Merz: Der ehemalige Bundesliga-Profi und Reality-TV-Star hat in einem Interview seine Unzufriedenheit mit der politischen Entwicklung in Deutschland deutlich gemacht. Dabei spart der 57-J\u00e4hrige auch nicht mit Kritik am Regierungschef. In einem Gespr\u00e4ch mit der \u201eNeuen Osnabr\u00fccker Zeitung\u201c \u00e4u\u00dferte sich Legat ungew\u00f6hnlich deutlich \u00fcber die aktuelle Bundesregierung.\" \/>\n\t\t<meta property=\"og:url\" content=\"https:\/\/dailynewsfreshz.com\/?p=1938\" \/>\n\t\t<meta property=\"article:published_time\" content=\"2026-08-30T08:09:32+00:00\" \/>\n\t\t<meta property=\"article:modified_time\" content=\"2026-08-30T08:09:32+00:00\" \/>\n\t\t<meta name=\"twitter:card\" content=\"summary_large_image\" \/>\n\t\t<meta name=\"twitter:title\" content=\"Thorsten Legat rechnet mit Friedrich Merz ab: \u201eKeiner nimmt ihn mehr ernst\u201c - \u041f. \u041a. \u042f\u0432\u043e\u0440\u043e\u0432\" \/>\n\t\t<meta name=\"twitter:description\" content=\"Deutliche Worte von Thorsten Legat gegen Bundeskanzler Friedrich Merz: Der ehemalige Bundesliga-Profi und Reality-TV-Star hat in einem Interview seine Unzufriedenheit mit der politischen Entwicklung in Deutschland deutlich gemacht. Dabei spart der 57-J\u00e4hrige auch nicht mit Kritik am Regierungschef. In einem Gespr\u00e4ch mit der \u201eNeuen Osnabr\u00fccker Zeitung\u201c \u00e4u\u00dferte sich Legat ungew\u00f6hnlich deutlich \u00fcber die aktuelle Bundesregierung.\" \/>\n\t\t<script type=\"application\/ld+json\" class=\"aioseo-schema\">\n\t\t\t{\"@context\":\"https:\\\/\\\/schema.org\",\"@graph\":[{\"@type\":\"BlogPosting\",\"@id\":\"https:\\\/\\\/dailynewsfreshz.com\\\/?p=1938#blogposting\",\"name\":\"Thorsten Legat rechnet mit Friedrich Merz ab: \\u201eKeiner nimmt ihn mehr ernst\\u201c - \\u041f. \\u041a. \\u042f\\u0432\\u043e\\u0440\\u043e\\u0432\",\"headline\":\"Thorsten Legat rechnet mit Friedrich Merz ab: \\u201eKeiner nimmt ihn mehr ernst\\u201c\",\"author\":{\"@id\":\"https:\\\/\\\/dailynewsfreshz.com\\\/?author=1#author\"},\"publisher\":{\"@id\":\"https:\\\/\\\/dailynewsfreshz.com\\\/#organization\"},\"image\":{\"@type\":\"ImageObject\",\"url\":\"https:\\\/\\\/dailynewsfreshz.com\\\/wp-content\\\/uploads\\\/2026\\\/08\\\/786742466_122341503518011473_134670537334064614_n.jpg\",\"@id\":\"https:\\\/\\\/dailynewsfreshz.com\\\/?p=1938\\\/#articleImage\",\"width\":1613,\"height\":2000},\"datePublished\":\"2026-08-30T08:09:32+00:00\",\"dateModified\":\"2026-08-30T08:09:32+00:00\",\"inLanguage\":\"en-US\",\"mainEntityOfPage\":{\"@id\":\"https:\\\/\\\/dailynewsfreshz.com\\\/?p=1938#webpage\"},\"isPartOf\":{\"@id\":\"https:\\\/\\\/dailynewsfreshz.com\\\/?p=1938#webpage\"},\"articleSection\":\"Uncategorized\"},{\"@type\":\"BreadcrumbList\",\"@id\":\"https:\\\/\\\/dailynewsfreshz.com\\\/?p=1938#breadcrumblist\",\"itemListElement\":[{\"@type\":\"ListItem\",\"@id\":\"https:\\\/\\\/dailynewsfreshz.com#listItem\",\"position\":1,\"name\":\"Home\",\"item\":\"https:\\\/\\\/dailynewsfreshz.com\",\"nextItem\":{\"@type\":\"ListItem\",\"@id\":\"https:\\\/\\\/dailynewsfreshz.com\\\/?cat=1#listItem\",\"name\":\"Uncategorized\"}},{\"@type\":\"ListItem\",\"@id\":\"https:\\\/\\\/dailynewsfreshz.com\\\/?cat=1#listItem\",\"position\":2,\"name\":\"Uncategorized\",\"item\":\"https:\\\/\\\/dailynewsfreshz.com\\\/?cat=1\",\"nextItem\":{\"@type\":\"ListItem\",\"@id\":\"https:\\\/\\\/dailynewsfreshz.com\\\/?p=1938#listItem\",\"name\":\"Thorsten Legat rechnet mit Friedrich Merz ab: \\u201eKeiner nimmt ihn mehr ernst\\u201c\"},\"previousItem\":{\"@type\":\"ListItem\",\"@id\":\"https:\\\/\\\/dailynewsfreshz.com#listItem\",\"name\":\"Home\"}},{\"@type\":\"ListItem\",\"@id\":\"https:\\\/\\\/dailynewsfreshz.com\\\/?p=1938#listItem\",\"position\":3,\"name\":\"Thorsten Legat rechnet mit Friedrich Merz ab: \\u201eKeiner nimmt ihn mehr ernst\\u201c\",\"previousItem\":{\"@type\":\"ListItem\",\"@id\":\"https:\\\/\\\/dailynewsfreshz.com\\\/?cat=1#listItem\",\"name\":\"Uncategorized\"}}]},{\"@type\":\"Organization\",\"@id\":\"https:\\\/\\\/dailynewsfreshz.com\\\/#organization\",\"name\":\"\\u041f. \\u041a. \\u042f\\u0432\\u043e\\u0440\\u043e\\u0432\",\"url\":\"https:\\\/\\\/dailynewsfreshz.com\\\/\"},{\"@type\":\"Person\",\"@id\":\"https:\\\/\\\/dailynewsfreshz.com\\\/?author=1#author\",\"url\":\"https:\\\/\\\/dailynewsfreshz.com\\\/?author=1\",\"name\":\"anhadmin\",\"image\":{\"@type\":\"ImageObject\",\"@id\":\"https:\\\/\\\/dailynewsfreshz.com\\\/?p=1938#authorImage\",\"url\":\"https:\\\/\\\/secure.gravatar.com\\\/avatar\\\/22be87b468f997ebfe839db21c763eafd9d869ab5e04973d7684c241e5d475a3?s=96&d=mm&r=g\",\"width\":96,\"height\":96,\"caption\":\"anhadmin\"}},{\"@type\":\"WebPage\",\"@id\":\"https:\\\/\\\/dailynewsfreshz.com\\\/?p=1938#webpage\",\"url\":\"https:\\\/\\\/dailynewsfreshz.com\\\/?p=1938\",\"name\":\"Thorsten Legat rechnet mit Friedrich Merz ab: \\u201eKeiner nimmt ihn mehr ernst\\u201c - \\u041f. \\u041a. \\u042f\\u0432\\u043e\\u0440\\u043e\\u0432\",\"description\":\"Deutliche Worte von Thorsten Legat gegen Bundeskanzler Friedrich Merz: Der ehemalige Bundesliga-Profi und Reality-TV-Star hat in einem Interview seine Unzufriedenheit mit der politischen Entwicklung in Deutschland deutlich gemacht. Dabei spart der 57-J\\u00e4hrige auch nicht mit Kritik am Regierungschef. In einem Gespr\\u00e4ch mit der \\u201eNeuen Osnabr\\u00fccker Zeitung\\u201c \\u00e4u\\u00dferte sich Legat ungew\\u00f6hnlich deutlich \\u00fcber die aktuelle Bundesregierung.\",\"inLanguage\":\"en-US\",\"isPartOf\":{\"@id\":\"https:\\\/\\\/dailynewsfreshz.com\\\/#website\"},\"breadcrumb\":{\"@id\":\"https:\\\/\\\/dailynewsfreshz.com\\\/?p=1938#breadcrumblist\"},\"author\":{\"@id\":\"https:\\\/\\\/dailynewsfreshz.com\\\/?author=1#author\"},\"creator\":{\"@id\":\"https:\\\/\\\/dailynewsfreshz.com\\\/?author=1#author\"},\"datePublished\":\"2026-08-30T08:09:32+00:00\",\"dateModified\":\"2026-08-30T08:09:32+00:00\"},{\"@type\":\"WebSite\",\"@id\":\"https:\\\/\\\/dailynewsfreshz.com\\\/#website\",\"url\":\"https:\\\/\\\/dailynewsfreshz.com\\\/\",\"name\":\"\\u041f. \\u041a. \\u042f\\u0432\\u043e\\u0440\\u043e\\u0432\",\"inLanguage\":\"en-US\",\"publisher\":{\"@id\":\"https:\\\/\\\/dailynewsfreshz.com\\\/#organization\"}}]}\n\t\t<\/script>\n\t\t<!-- All in One SEO -->\n\n","aioseo_head_json":{"title":"Thorsten Legat rechnet mit Friedrich Merz ab: \u201eKeiner nimmt ihn mehr ernst\u201c - \u041f. \u041a. \u042f\u0432\u043e\u0440\u043e\u0432","description":"Deutliche Worte von Thorsten Legat gegen Bundeskanzler Friedrich Merz: Der ehemalige Bundesliga-Profi und Reality-TV-Star hat in einem Interview seine Unzufriedenheit mit der politischen Entwicklung in Deutschland deutlich gemacht. Dabei spart der 57-J\u00e4hrige auch nicht mit Kritik am Regierungschef. In einem Gespr\u00e4ch mit der \u201eNeuen Osnabr\u00fccker Zeitung\u201c \u00e4u\u00dferte sich Legat ungew\u00f6hnlich deutlich \u00fcber die aktuelle Bundesregierung.","canonical_url":"https:\/\/dailynewsfreshz.com\/?p=1938","robots":"max-image-preview:large","keywords":"","webmasterTools":{"miscellaneous":""},"schema":{"@context":"https:\/\/schema.org","@graph":[{"@type":"BlogPosting","@id":"https:\/\/dailynewsfreshz.com\/?p=1938#blogposting","name":"Thorsten Legat rechnet mit Friedrich Merz ab: \u201eKeiner nimmt ihn mehr ernst\u201c - \u041f. \u041a. \u042f\u0432\u043e\u0440\u043e\u0432","headline":"Thorsten Legat rechnet mit Friedrich Merz ab: \u201eKeiner nimmt ihn mehr ernst\u201c","author":{"@id":"https:\/\/dailynewsfreshz.com\/?author=1#author"},"publisher":{"@id":"https:\/\/dailynewsfreshz.com\/#organization"},"image":{"@type":"ImageObject","url":"https:\/\/dailynewsfreshz.com\/wp-content\/uploads\/2026\/08\/786742466_122341503518011473_134670537334064614_n.jpg","@id":"https:\/\/dailynewsfreshz.com\/?p=1938\/#articleImage","width":1613,"height":2000},"datePublished":"2026-08-30T08:09:32+00:00","dateModified":"2026-08-30T08:09:32+00:00","inLanguage":"en-US","mainEntityOfPage":{"@id":"https:\/\/dailynewsfreshz.com\/?p=1938#webpage"},"isPartOf":{"@id":"https:\/\/dailynewsfreshz.com\/?p=1938#webpage"},"articleSection":"Uncategorized"},{"@type":"BreadcrumbList","@id":"https:\/\/dailynewsfreshz.com\/?p=1938#breadcrumblist","itemListElement":[{"@type":"ListItem","@id":"https:\/\/dailynewsfreshz.com#listItem","position":1,"name":"Home","item":"https:\/\/dailynewsfreshz.com","nextItem":{"@type":"ListItem","@id":"https:\/\/dailynewsfreshz.com\/?cat=1#listItem","name":"Uncategorized"}},{"@type":"ListItem","@id":"https:\/\/dailynewsfreshz.com\/?cat=1#listItem","position":2,"name":"Uncategorized","item":"https:\/\/dailynewsfreshz.com\/?cat=1","nextItem":{"@type":"ListItem","@id":"https:\/\/dailynewsfreshz.com\/?p=1938#listItem","name":"Thorsten Legat rechnet mit Friedrich Merz ab: \u201eKeiner nimmt ihn mehr ernst\u201c"},"previousItem":{"@type":"ListItem","@id":"https:\/\/dailynewsfreshz.com#listItem","name":"Home"}},{"@type":"ListItem","@id":"https:\/\/dailynewsfreshz.com\/?p=1938#listItem","position":3,"name":"Thorsten Legat rechnet mit Friedrich Merz ab: \u201eKeiner nimmt ihn mehr ernst\u201c","previousItem":{"@type":"ListItem","@id":"https:\/\/dailynewsfreshz.com\/?cat=1#listItem","name":"Uncategorized"}}]},{"@type":"Organization","@id":"https:\/\/dailynewsfreshz.com\/#organization","name":"\u041f. \u041a. \u042f\u0432\u043e\u0440\u043e\u0432","url":"https:\/\/dailynewsfreshz.com\/"},{"@type":"Person","@id":"https:\/\/dailynewsfreshz.com\/?author=1#author","url":"https:\/\/dailynewsfreshz.com\/?author=1","name":"anhadmin","image":{"@type":"ImageObject","@id":"https:\/\/dailynewsfreshz.com\/?p=1938#authorImage","url":"https:\/\/secure.gravatar.com\/avatar\/22be87b468f997ebfe839db21c763eafd9d869ab5e04973d7684c241e5d475a3?s=96&d=mm&r=g","width":96,"height":96,"caption":"anhadmin"}},{"@type":"WebPage","@id":"https:\/\/dailynewsfreshz.com\/?p=1938#webpage","url":"https:\/\/dailynewsfreshz.com\/?p=1938","name":"Thorsten Legat rechnet mit Friedrich Merz ab: \u201eKeiner nimmt ihn mehr ernst\u201c - \u041f. \u041a. \u042f\u0432\u043e\u0440\u043e\u0432","description":"Deutliche Worte von Thorsten Legat gegen Bundeskanzler Friedrich Merz: Der ehemalige Bundesliga-Profi und Reality-TV-Star hat in einem Interview seine Unzufriedenheit mit der politischen Entwicklung in Deutschland deutlich gemacht. Dabei spart der 57-J\u00e4hrige auch nicht mit Kritik am Regierungschef. In einem Gespr\u00e4ch mit der \u201eNeuen Osnabr\u00fccker Zeitung\u201c \u00e4u\u00dferte sich Legat ungew\u00f6hnlich deutlich \u00fcber die aktuelle Bundesregierung.","inLanguage":"en-US","isPartOf":{"@id":"https:\/\/dailynewsfreshz.com\/#website"},"breadcrumb":{"@id":"https:\/\/dailynewsfreshz.com\/?p=1938#breadcrumblist"},"author":{"@id":"https:\/\/dailynewsfreshz.com\/?author=1#author"},"creator":{"@id":"https:\/\/dailynewsfreshz.com\/?author=1#author"},"datePublished":"2026-08-30T08:09:32+00:00","dateModified":"2026-08-30T08:09:32+00:00"},{"@type":"WebSite","@id":"https:\/\/dailynewsfreshz.com\/#website","url":"https:\/\/dailynewsfreshz.com\/","name":"\u041f. \u041a. \u042f\u0432\u043e\u0440\u043e\u0432","inLanguage":"en-US","publisher":{"@id":"https:\/\/dailynewsfreshz.com\/#organization"}}]},"og:locale":"en_US","og:site_name":"\u041f. \u041a. \u042f\u0432\u043e\u0440\u043e\u0432 -","og:type":"article","og:title":"Thorsten Legat rechnet mit Friedrich Merz ab: \u201eKeiner nimmt ihn mehr ernst\u201c - \u041f. \u041a. \u042f\u0432\u043e\u0440\u043e\u0432","og:description":"Deutliche Worte von Thorsten Legat gegen Bundeskanzler Friedrich Merz: Der ehemalige Bundesliga-Profi und Reality-TV-Star hat in einem Interview seine Unzufriedenheit mit der politischen Entwicklung in Deutschland deutlich gemacht. Dabei spart der 57-J\u00e4hrige auch nicht mit Kritik am Regierungschef. In einem Gespr\u00e4ch mit der \u201eNeuen Osnabr\u00fccker Zeitung\u201c \u00e4u\u00dferte sich Legat ungew\u00f6hnlich deutlich \u00fcber die aktuelle Bundesregierung.","og:url":"https:\/\/dailynewsfreshz.com\/?p=1938","article:published_time":"2026-08-30T08:09:32+00:00","article:modified_time":"2026-08-30T08:09:32+00:00","twitter:card":"summary_large_image","twitter:title":"Thorsten Legat rechnet mit Friedrich Merz ab: \u201eKeiner nimmt ihn mehr ernst\u201c - \u041f. \u041a. \u042f\u0432\u043e\u0440\u043e\u0432","twitter:description":"Deutliche Worte von Thorsten Legat gegen Bundeskanzler Friedrich Merz: Der ehemalige Bundesliga-Profi und Reality-TV-Star hat in einem Interview seine Unzufriedenheit mit der politischen Entwicklung in Deutschland deutlich gemacht. Dabei spart der 57-J\u00e4hrige auch nicht mit Kritik am Regierungschef. In einem Gespr\u00e4ch mit der \u201eNeuen Osnabr\u00fccker Zeitung\u201c \u00e4u\u00dferte sich Legat ungew\u00f6hnlich deutlich \u00fcber die aktuelle Bundesregierung."},"aioseo_meta_data":{"post_id":"1938","title":null,"description":null,"keywords":null,"keyphrases":{"focus":{"keyphrase":"","score":0,"analysis":{"keyphraseInTitle":{"score":0,"maxScore":9,"error":1}}},"additional":[]},"primary_term":null,"canonical_url":null,"og_title":null,"og_description":null,"og_object_type":"default","og_image_type":"default","og_image_url":null,"og_image_width":null,"og_image_height":null,"og_image_custom_url":null,"og_image_custom_fields":null,"og_video":"","og_custom_url":null,"og_article_section":null,"og_article_tags":null,"twitter_use_og":false,"twitter_card":"default","twitter_image_type":"default","twitter_image_url":null,"twitter_image_custom_url":null,"twitter_image_custom_fields":null,"twitter_title":null,"twitter_description":null,"schema":{"blockGraphs":[],"customGraphs":[],"default":{"data":{"Article":[],"Course":[],"Dataset":[],"FAQPage":[],"Movie":[],"Person":[],"Product":[],"ProductReview":[],"Car":[],"Recipe":[],"Service":[],"SoftwareApplication":[],"WebPage":[]},"graphName":"BlogPosting","isEnabled":true},"graphs":[]},"schema_type":"default","schema_type_options":null,"pillar_content":false,"robots_default":true,"robots_noindex":false,"robots_noarchive":false,"robots_nosnippet":false,"robots_nofollow":false,"robots_noimageindex":false,"robots_noodp":false,"robots_notranslate":false,"robots_max_snippet":"-1","robots_max_videopreview":"-1","robots_max_imagepreview":"large","priority":null,"frequency":"default","local_seo":null,"breadcrumb_settings":null,"limit_modified_date":false,"ai":{"faqs":[],"keyPoints":[],"schemas":[],"titles":[],"descriptions":[],"socialPosts":{"email":{"subject":"","preview":"","content":""},"linkedin":[],"twitter":[],"facebook":[],"instagram":[]}},"created":"2026-08-30 08:09:32","updated":"2026-08-30 08:10:09","focus_keyword":null,"additional_keywords":null,"truseo_locale":null,"seo_analyzer_scan_date":null},"aioseo_breadcrumb":"<div class=\"aioseo-breadcrumbs\"><span class=\"aioseo-breadcrumb\">\n\t\t\t<a href=\"https:\/\/dailynewsfreshz.com\" title=\"Home\">Home<\/a>\n\t\t<\/span><span class=\"aioseo-breadcrumb-separator\">&raquo;<\/span><span class=\"aioseo-breadcrumb\">\n\t\t\t<a href=\"https:\/\/dailynewsfreshz.com\/?cat=1\" title=\"Uncategorized\">Uncategorized<\/a>\n\t\t<\/span><span class=\"aioseo-breadcrumb-separator\">&raquo;<\/span><span class=\"aioseo-breadcrumb\">\n\t\t\tThorsten Legat rechnet mit Friedrich Merz ab: \u201eKeiner nimmt ihn mehr ernst\u201c\n\t\t<\/span><\/div>","aioseo_breadcrumb_json":[{"label":"Home","link":"https:\/\/dailynewsfreshz.com"},{"label":"Uncategorized","link":"https:\/\/dailynewsfreshz.com\/?cat=1"},{"label":"Thorsten Legat rechnet mit Friedrich Merz ab: \u201eKeiner nimmt ihn mehr ernst\u201c","link":"https:\/\/dailynewsfreshz.com\/?p=1938"}],"_links":{"self":[{"href":"https:\/\/dailynewsfreshz.com\/index.php?rest_route=\/wp\/v2\/posts\/1938","targetHints":{"allow":["GET"]}}],"collection":[{"href":"https:\/\/dailynewsfreshz.com\/index.php?rest_route=\/wp\/v2\/posts"}],"about":[{"href":"https:\/\/dailynewsfreshz.com\/index.php?rest_route=\/wp\/v2\/types\/post"}],"author":[{"embeddable":true,"href":"https:\/\/dailynewsfreshz.com\/index.php?rest_route=\/wp\/v2\/users\/1"}],"replies":[{"embeddable":true,"href":"https:\/\/dailynewsfreshz.com\/index.php?rest_route=%2Fwp%2Fv2%2Fcomments&post=1938"}],"version-history":[{"count":1,"href":"https:\/\/dailynewsfreshz.com\/index.php?rest_route=\/wp\/v2\/posts\/1938\/revisions"}],"predecessor-version":[{"id":1940,"href":"https:\/\/dailynewsfreshz.com\/index.php?rest_route=\/wp\/v2\/posts\/1938\/revisions\/1940"}],"wp:attachment":[{"href":"https:\/\/dailynewsfreshz.com\/index.php?rest_route=%2Fwp%2Fv2%2Fmedia&parent=1938"}],"wp:term":[{"taxonomy":"category","embeddable":true,"href":"https:\/\/dailynewsfreshz.com\/index.php?rest_route=%2Fwp%2Fv2%2Fcategories&post=1938"},{"taxonomy":"post_tag","embeddable":true,"href":"https:\/\/dailynewsfreshz.com\/index.php?rest_route=%2Fwp%2Fv2%2Ftags&post=1938"}],"curies":[{"name":"wp","href":"https:\/\/api.w.org\/{rel}","templated":true}]}}