{"id":1941,"date":"2026-08-30T08:16:02","date_gmt":"2026-08-30T08:16:02","guid":{"rendered":"https:\/\/dailynewsfreshz.com\/?p=1941"},"modified":"2026-08-30T08:16:02","modified_gmt":"2026-08-30T08:16:02","slug":"afd-und-das-milliarden-sondervermogen-der-streit-um-schuldenbremse-und-verfassung-spitzt-sich-zu","status":"publish","type":"post","link":"https:\/\/dailynewsfreshz.com\/?p=1941","title":{"rendered":"AfD und das Milliarden-Sonderverm\u00f6gen: Der Streit um Schuldenbremse und Verfassung spitzt sich zu"},"content":{"rendered":"<h1><img loading=\"lazy\" decoding=\"async\" class=\"alignnone size-full wp-image-1942\" src=\"https:\/\/dailynewsfreshz.com\/wp-content\/uploads\/2026\/08\/785993218_122341248920011473_4466990936855846150_n.jpg\" alt=\"\" width=\"1200\" height=\"1200\" srcset=\"https:\/\/dailynewsfreshz.com\/wp-content\/uploads\/2026\/08\/785993218_122341248920011473_4466990936855846150_n.jpg 1200w, https:\/\/dailynewsfreshz.com\/wp-content\/uploads\/2026\/08\/785993218_122341248920011473_4466990936855846150_n-300x300.jpg 300w, https:\/\/dailynewsfreshz.com\/wp-content\/uploads\/2026\/08\/785993218_122341248920011473_4466990936855846150_n-1024x1024.jpg 1024w, https:\/\/dailynewsfreshz.com\/wp-content\/uploads\/2026\/08\/785993218_122341248920011473_4466990936855846150_n-150x150.jpg 150w, https:\/\/dailynewsfreshz.com\/wp-content\/uploads\/2026\/08\/785993218_122341248920011473_4466990936855846150_n-768x768.jpg 768w\" sizes=\"auto, (max-width: 1200px) 100vw, 1200px\" \/><\/h1>\n<p>Der Streit \u00fcber Deutschlands Schuldenpolitik geht in die n\u00e4chste Runde. Im Mittelpunkt steht das milliardenschwere Sonderverm\u00f6gen f\u00fcr Infrastruktur und Klimaneutralit\u00e4t sowie die Frage, ob die damit verbundenen Kreditaufnahmen tats\u00e4chlich mit den Vorgaben des Grundgesetzes vereinbar sind.<\/p>\n<p>Die AfD kritisiert die Konstruktion des Sonderverm\u00f6gens seit Monaten und argumentiert, dass eine massive zus\u00e4tzliche Verschuldung nur dann verfassungsrechtlich zu rechtfertigen sei, wenn die Mittel tats\u00e4chlich zu zus\u00e4tzlichen Investitionen f\u00fchren. Nach Darstellung der AfD seien jedoch Ausgaben aus dem regul\u00e4ren Bundeshaushalt teilweise in das Sonderverm\u00f6gen verschoben worden, ohne dass dadurch im gleichen Umfang zus\u00e4tzliche Investitionen entstanden seien.<\/p>\n<h2>500 Milliarden Euro im Zentrum der Debatte<\/h2>\n<p>Besonders umstritten ist das Sonderverm\u00f6gen Infrastruktur und Klimaneutralit\u00e4t mit einem Volumen von <strong>500 Milliarden Euro<\/strong>. Die Mittel sollen \u00fcber einen l\u00e4ngeren Zeitraum f\u00fcr zus\u00e4tzliche Investitionen eingesetzt werden.<\/p>\n<p>Bef\u00fcrworter der neuen Finanzierungsregeln verweisen auf den erheblichen Investitionsbedarf Deutschlands. Stra\u00dfen, Br\u00fccken, Schienen, Energieversorgung, Digitalisierung und weitere Bereiche ben\u00f6tigen nach ihrer Argumentation hohe staatliche Investitionen. Gleichzeitig haben sich die finanziellen Anforderungen an Verteidigung und Sicherheit deutlich ver\u00e4ndert.<\/p>\n<p>Die Gegner der neuen Verschuldungsm\u00f6glichkeiten warnen dagegen vor einer langfristigen Belastung des Staatshaushalts. Ein Sonderverm\u00f6gen bedeutet schlie\u00dflich nicht, dass die finanziellen Verpflichtungen verschwinden. Werden Ausgaben \u00fcber Kredite finanziert, m\u00fcssen die daraus entstehenden Belastungen letztlich auch k\u00fcnftig vom Staat getragen werden.<\/p>\n<h2>AfD fordert verfassungsrechtliche Kontrolle<\/h2>\n<p>Die AfD versucht, ihre Kritik nicht nur politisch, sondern auch juristisch durchzusetzen. In ihrem Antrag auf eine abstrakte Normenkontrolle argumentierte die Fraktion, die kreditfinanzierte Konstruktion des Sonderverm\u00f6gens k\u00f6nne verfassungswidrig sein, wenn die gesetzlich verlangten zus\u00e4tzlichen Investitionen nicht tats\u00e4chlich erreicht w\u00fcrden.<\/p>\n<p>Die Bundestagsdokumentation h\u00e4lt fest, dass die AfD unter anderem auf Analysen des ifo Instituts verwies. Nach ihrer Argumentation seien die Investitionen trotz der zus\u00e4tzlichen Kreditaufnahme nur begrenzt gestiegen. Daraus leitete die Fraktion den Vorwurf ab, Mittel k\u00f6nnten zweckwidrig eingesetzt beziehungsweise bestehende Ausgaben lediglich in das Sonderverm\u00f6gen verlagert worden sein.<\/p>\n<p>Doch politischer Streit und eine erfolgreiche Verfassungsklage sind zwei verschiedene Dinge. Entscheidend ist, ob die rechtlichen Voraussetzungen f\u00fcr eine verfassungsgerichtliche \u00dcberpr\u00fcfung erf\u00fcllt sind.<\/p>\n<h2>Bundestag weist AfD-Antrag zur\u00fcck<\/h2>\n<p>Eine wichtige Entscheidung fiel bereits am <strong>26.<\/strong> <strong>M\u00e4rz 2026<\/strong>: Der Bundestag lehnte den AfD-Antrag auf eine abstrakte Normenkontrolle ab. F\u00fcr die Ablehnung stimmten CDU\/CSU, SPD, B\u00fcndnis 90\/Die Gr\u00fcnen und Die Linke.<\/p>\n<p>Damit war die politische Auseinandersetzung allerdings keineswegs beendet. Die grunds\u00e4tzliche Frage, wie weit der Staat seine Verschuldungsm\u00f6glichkeiten ausweiten darf und welche Bedingungen f\u00fcr kreditfinanzierte Sonderverm\u00f6gen gelten m\u00fcssen, bleibt bestehen.<\/p>\n<h2>Warum die Schuldenbremse so wichtig ist<\/h2>\n<p>Die Schuldenbremse geh\u00f6rt zu den zentralen Regeln der deutschen Finanzpolitik. Sie soll verhindern, dass der Bund seine Verschuldung dauerhaft unbegrenzt ausweitet.<\/p>\n<p>Gleichzeitig steht Deutschland vor erheblichen finanziellen Herausforderungen. Infrastruktur muss modernisiert werden, Verteidigungsausgaben sind gestiegen und auch bei Energie, Digitalisierung und anderen Bereichen besteht Investitionsbedarf.<\/p>\n<p>Genau hier verl\u00e4uft die politische Trennlinie: Die Bef\u00fcrworter zus\u00e4tzlicher Kreditm\u00f6glichkeiten argumentieren, dass notwendige Investitionen nicht an zu engen Haushaltsgrenzen scheitern d\u00fcrften. Kritiker halten dagegen, dass auch Investitionen nicht automatisch jede Form zus\u00e4tzlicher Verschuldung rechtfertigen.<\/p>\n<h2>Es geht nicht nur um eine Zahl<\/h2>\n<p>In der \u00f6ffentlichen Debatte werden teilweise sehr unterschiedliche Summen genannt, wenn \u00fcber die zuk\u00fcnftige Verschuldung Deutschlands gesprochen wird. Dabei muss genau unterschieden werden zwischen dem 500-Milliarden-Euro-Sonderverm\u00f6gen, zus\u00e4tzlichen Finanzierungsm\u00f6glichkeiten f\u00fcr Verteidigung und den regul\u00e4ren Kreditspielr\u00e4umen des Bundes.<\/p>\n<p>Eine einfache Addition verschiedener Finanzierungsinstrumente kann deshalb ein falsches Bild vermitteln. Entscheidend ist vielmehr, wie viel tats\u00e4chlich aufgenommen wird, \u00fcber welchen Zeitraum die Kredite eingesetzt werden und welche wirtschaftlichen Ertr\u00e4ge die damit finanzierten Investitionen langfristig bringen.<\/p>\n<p>Auch die Frage der Kontrolle spielt eine wichtige Rolle. Je gr\u00f6\u00dfer die finanziellen Spielr\u00e4ume des Staates werden, desto entscheidender wird die transparente Verwendung der Mittel.<\/p>\n<h2>Politischer Konflikt mit weitreichenden Folgen<\/h2>\n<p>Der Streit \u00fcber Sonderverm\u00f6gen und Schuldenbremse ist deshalb weit mehr als eine gew\u00f6hnliche Haushaltsdebatte. Er ber\u00fchrt grundlegende Fragen der deutschen Finanzpolitik: Wie viel darf der Staat investieren? Wie viel neue Verschuldung ist vertretbar? Und wie kann verhindert werden, dass kreditfinanzierte Mittel lediglich bestehende Haushaltsausgaben ersetzen?<\/p>\n<p>F\u00fcr die AfD ist die Auseinandersetzung zugleich eine M\u00f6glichkeit, ihr Profil als Gegnerin einer st\u00e4rkeren Verschuldungspolitik zu sch\u00e4rfen. Die Bundesregierung und ihre Unterst\u00fctzer argumentieren hingegen mit dem erheblichen Investitions- und Finanzierungsbedarf des Landes.<\/p>\n<p>Das Bundesverfassungsgericht spielt dabei eine besondere Rolle. Es entscheidet nicht dar\u00fcber, welche Finanzpolitik politisch w\u00fcnschenswert ist. Seine Aufgabe besteht vielmehr darin, zu pr\u00fcfen, ob staatliches Handeln mit dem Grundgesetz vereinbar ist.<\/p>\n<p>Der aktuelle Konflikt zeigt daher vor allem eines: Die Debatte \u00fcber Deutschlands Schuldenbremse ist noch lange nicht abgeschlossen. Das 500-Milliarden-Euro-Sonderverm\u00f6gen steht dabei exemplarisch f\u00fcr die schwierige Frage, wie Deutschland dringend notwendige Investitionen finanzieren kann, ohne die verfassungsrechtlichen und finanziellen Grenzen aus dem Blick zu verlieren.<\/p>\n<p><strong>Hinweis:<\/strong> Die AfD hat den politischen und rechtlichen Streit \u00fcber das Sonderverm\u00f6gen mit ihrem Antrag weiter zugespitzt. Der konkrete Antrag auf abstrakte Normenkontrolle wurde im Bundestag jedoch am 26. M\u00e4rz 2026 abgelehnt.<\/p>\n","protected":false},"excerpt":{"rendered":"<p>Der Streit \u00fcber Deutschlands Schuldenpolitik geht in die n\u00e4chste Runde. Im Mittelpunkt steht das milliardenschwere Sonderverm\u00f6gen f\u00fcr Infrastruktur und Klimaneutralit\u00e4t sowie die Frage, ob die &hellip; <\/p>\n","protected":false},"author":1,"featured_media":0,"comment_status":"open","ping_status":"open","sticky":false,"template":"","format":"standard","meta":{"footnotes":""},"categories":[1],"tags":[],"class_list":["post-1941","post","type-post","status-publish","format-standard","hentry","category-uncategorized"],"aioseo_notices":[],"aioseo_head":"\n\t\t<!-- All in One SEO 5.0.0.1 - aioseo.com -->\n\t<meta name=\"description\" content=\"Der Streit \u00fcber Deutschlands Schuldenpolitik geht in die n\u00e4chste Runde. Im Mittelpunkt steht das milliardenschwere Sonderverm\u00f6gen f\u00fcr Infrastruktur und Klimaneutralit\u00e4t sowie die Frage, ob die damit verbundenen Kreditaufnahmen tats\u00e4chlich mit den Vorgaben des Grundgesetzes vereinbar sind. Die AfD kritisiert die Konstruktion des Sonderverm\u00f6gens seit Monaten und argumentiert, dass eine massive zus\u00e4tzliche Verschuldung nur dann verfassungsrechtlich\" \/>\n\t<meta name=\"robots\" content=\"max-image-preview:large\" \/>\n\t<meta name=\"author\" content=\"anhadmin\"\/>\n\t<link rel=\"canonical\" href=\"https:\/\/dailynewsfreshz.com\/?p=1941\" \/>\n\t<meta name=\"generator\" content=\"All in One SEO (AIOSEO) 5.0.0.1\" \/>\n\t\t<meta property=\"og:locale\" content=\"en_US\" \/>\n\t\t<meta property=\"og:site_name\" content=\"\u041f. \u041a. \u042f\u0432\u043e\u0440\u043e\u0432 -\" \/>\n\t\t<meta property=\"og:type\" content=\"article\" \/>\n\t\t<meta property=\"og:title\" content=\"AfD und das Milliarden-Sonderverm\u00f6gen: Der Streit um Schuldenbremse und Verfassung spitzt sich zu - \u041f. \u041a. \u042f\u0432\u043e\u0440\u043e\u0432\" \/>\n\t\t<meta property=\"og:description\" content=\"Der Streit \u00fcber Deutschlands Schuldenpolitik geht in die n\u00e4chste Runde. Im Mittelpunkt steht das milliardenschwere Sonderverm\u00f6gen f\u00fcr Infrastruktur und Klimaneutralit\u00e4t sowie die Frage, ob die damit verbundenen Kreditaufnahmen tats\u00e4chlich mit den Vorgaben des Grundgesetzes vereinbar sind. Die AfD kritisiert die Konstruktion des Sonderverm\u00f6gens seit Monaten und argumentiert, dass eine massive zus\u00e4tzliche Verschuldung nur dann verfassungsrechtlich\" \/>\n\t\t<meta property=\"og:url\" content=\"https:\/\/dailynewsfreshz.com\/?p=1941\" \/>\n\t\t<meta property=\"article:published_time\" content=\"2026-08-30T08:16:02+00:00\" \/>\n\t\t<meta property=\"article:modified_time\" content=\"2026-08-30T08:16:02+00:00\" \/>\n\t\t<meta name=\"twitter:card\" content=\"summary_large_image\" \/>\n\t\t<meta name=\"twitter:title\" content=\"AfD und das Milliarden-Sonderverm\u00f6gen: Der Streit um Schuldenbremse und Verfassung spitzt sich zu - \u041f. \u041a. \u042f\u0432\u043e\u0440\u043e\u0432\" \/>\n\t\t<meta name=\"twitter:description\" content=\"Der Streit \u00fcber Deutschlands Schuldenpolitik geht in die n\u00e4chste Runde. Im Mittelpunkt steht das milliardenschwere Sonderverm\u00f6gen f\u00fcr Infrastruktur und Klimaneutralit\u00e4t sowie die Frage, ob die damit verbundenen Kreditaufnahmen tats\u00e4chlich mit den Vorgaben des Grundgesetzes vereinbar sind. Die AfD kritisiert die Konstruktion des Sonderverm\u00f6gens seit Monaten und argumentiert, dass eine massive zus\u00e4tzliche Verschuldung nur dann verfassungsrechtlich\" \/>\n\t\t<script type=\"application\/ld+json\" class=\"aioseo-schema\">\n\t\t\t{\"@context\":\"https:\\\/\\\/schema.org\",\"@graph\":[{\"@type\":\"BlogPosting\",\"@id\":\"https:\\\/\\\/dailynewsfreshz.com\\\/?p=1941#blogposting\",\"name\":\"AfD und das Milliarden-Sonderverm\\u00f6gen: Der Streit um Schuldenbremse und Verfassung spitzt sich zu - \\u041f. \\u041a. \\u042f\\u0432\\u043e\\u0440\\u043e\\u0432\",\"headline\":\"AfD und das Milliarden-Sonderverm\\u00f6gen: Der Streit um Schuldenbremse und Verfassung spitzt sich zu\",\"author\":{\"@id\":\"https:\\\/\\\/dailynewsfreshz.com\\\/?author=1#author\"},\"publisher\":{\"@id\":\"https:\\\/\\\/dailynewsfreshz.com\\\/#organization\"},\"image\":{\"@type\":\"ImageObject\",\"url\":\"https:\\\/\\\/dailynewsfreshz.com\\\/wp-content\\\/uploads\\\/2026\\\/08\\\/785993218_122341248920011473_4466990936855846150_n.jpg\",\"@id\":\"https:\\\/\\\/dailynewsfreshz.com\\\/?p=1941\\\/#articleImage\",\"width\":1200,\"height\":1200},\"datePublished\":\"2026-08-30T08:16:02+00:00\",\"dateModified\":\"2026-08-30T08:16:02+00:00\",\"inLanguage\":\"en-US\",\"mainEntityOfPage\":{\"@id\":\"https:\\\/\\\/dailynewsfreshz.com\\\/?p=1941#webpage\"},\"isPartOf\":{\"@id\":\"https:\\\/\\\/dailynewsfreshz.com\\\/?p=1941#webpage\"},\"articleSection\":\"Uncategorized\"},{\"@type\":\"BreadcrumbList\",\"@id\":\"https:\\\/\\\/dailynewsfreshz.com\\\/?p=1941#breadcrumblist\",\"itemListElement\":[{\"@type\":\"ListItem\",\"@id\":\"https:\\\/\\\/dailynewsfreshz.com#listItem\",\"position\":1,\"name\":\"Home\",\"item\":\"https:\\\/\\\/dailynewsfreshz.com\",\"nextItem\":{\"@type\":\"ListItem\",\"@id\":\"https:\\\/\\\/dailynewsfreshz.com\\\/?cat=1#listItem\",\"name\":\"Uncategorized\"}},{\"@type\":\"ListItem\",\"@id\":\"https:\\\/\\\/dailynewsfreshz.com\\\/?cat=1#listItem\",\"position\":2,\"name\":\"Uncategorized\",\"item\":\"https:\\\/\\\/dailynewsfreshz.com\\\/?cat=1\",\"nextItem\":{\"@type\":\"ListItem\",\"@id\":\"https:\\\/\\\/dailynewsfreshz.com\\\/?p=1941#listItem\",\"name\":\"AfD und das Milliarden-Sonderverm\\u00f6gen: Der Streit um Schuldenbremse und Verfassung spitzt sich zu\"},\"previousItem\":{\"@type\":\"ListItem\",\"@id\":\"https:\\\/\\\/dailynewsfreshz.com#listItem\",\"name\":\"Home\"}},{\"@type\":\"ListItem\",\"@id\":\"https:\\\/\\\/dailynewsfreshz.com\\\/?p=1941#listItem\",\"position\":3,\"name\":\"AfD und das Milliarden-Sonderverm\\u00f6gen: Der Streit um Schuldenbremse und Verfassung spitzt sich zu\",\"previousItem\":{\"@type\":\"ListItem\",\"@id\":\"https:\\\/\\\/dailynewsfreshz.com\\\/?cat=1#listItem\",\"name\":\"Uncategorized\"}}]},{\"@type\":\"Organization\",\"@id\":\"https:\\\/\\\/dailynewsfreshz.com\\\/#organization\",\"name\":\"\\u041f. \\u041a. \\u042f\\u0432\\u043e\\u0440\\u043e\\u0432\",\"url\":\"https:\\\/\\\/dailynewsfreshz.com\\\/\"},{\"@type\":\"Person\",\"@id\":\"https:\\\/\\\/dailynewsfreshz.com\\\/?author=1#author\",\"url\":\"https:\\\/\\\/dailynewsfreshz.com\\\/?author=1\",\"name\":\"anhadmin\",\"image\":{\"@type\":\"ImageObject\",\"@id\":\"https:\\\/\\\/dailynewsfreshz.com\\\/?p=1941#authorImage\",\"url\":\"https:\\\/\\\/secure.gravatar.com\\\/avatar\\\/22be87b468f997ebfe839db21c763eafd9d869ab5e04973d7684c241e5d475a3?s=96&d=mm&r=g\",\"width\":96,\"height\":96,\"caption\":\"anhadmin\"}},{\"@type\":\"WebPage\",\"@id\":\"https:\\\/\\\/dailynewsfreshz.com\\\/?p=1941#webpage\",\"url\":\"https:\\\/\\\/dailynewsfreshz.com\\\/?p=1941\",\"name\":\"AfD und das Milliarden-Sonderverm\\u00f6gen: Der Streit um Schuldenbremse und Verfassung spitzt sich zu - \\u041f. \\u041a. \\u042f\\u0432\\u043e\\u0440\\u043e\\u0432\",\"description\":\"Der Streit \\u00fcber Deutschlands Schuldenpolitik geht in die n\\u00e4chste Runde. Im Mittelpunkt steht das milliardenschwere Sonderverm\\u00f6gen f\\u00fcr Infrastruktur und Klimaneutralit\\u00e4t sowie die Frage, ob die damit verbundenen Kreditaufnahmen tats\\u00e4chlich mit den Vorgaben des Grundgesetzes vereinbar sind. Die AfD kritisiert die Konstruktion des Sonderverm\\u00f6gens seit Monaten und argumentiert, dass eine massive zus\\u00e4tzliche Verschuldung nur dann verfassungsrechtlich\",\"inLanguage\":\"en-US\",\"isPartOf\":{\"@id\":\"https:\\\/\\\/dailynewsfreshz.com\\\/#website\"},\"breadcrumb\":{\"@id\":\"https:\\\/\\\/dailynewsfreshz.com\\\/?p=1941#breadcrumblist\"},\"author\":{\"@id\":\"https:\\\/\\\/dailynewsfreshz.com\\\/?author=1#author\"},\"creator\":{\"@id\":\"https:\\\/\\\/dailynewsfreshz.com\\\/?author=1#author\"},\"datePublished\":\"2026-08-30T08:16:02+00:00\",\"dateModified\":\"2026-08-30T08:16:02+00:00\"},{\"@type\":\"WebSite\",\"@id\":\"https:\\\/\\\/dailynewsfreshz.com\\\/#website\",\"url\":\"https:\\\/\\\/dailynewsfreshz.com\\\/\",\"name\":\"\\u041f. \\u041a. \\u042f\\u0432\\u043e\\u0440\\u043e\\u0432\",\"inLanguage\":\"en-US\",\"publisher\":{\"@id\":\"https:\\\/\\\/dailynewsfreshz.com\\\/#organization\"}}]}\n\t\t<\/script>\n\t\t<!-- All in One SEO -->\n\n","aioseo_head_json":{"title":"AfD und das Milliarden-Sonderverm\u00f6gen: Der Streit um Schuldenbremse und Verfassung spitzt sich zu - \u041f. \u041a. \u042f\u0432\u043e\u0440\u043e\u0432","description":"Der Streit \u00fcber Deutschlands Schuldenpolitik geht in die n\u00e4chste Runde. Im Mittelpunkt steht das milliardenschwere Sonderverm\u00f6gen f\u00fcr Infrastruktur und Klimaneutralit\u00e4t sowie die Frage, ob die damit verbundenen Kreditaufnahmen tats\u00e4chlich mit den Vorgaben des Grundgesetzes vereinbar sind. Die AfD kritisiert die Konstruktion des Sonderverm\u00f6gens seit Monaten und argumentiert, dass eine massive zus\u00e4tzliche Verschuldung nur dann verfassungsrechtlich","canonical_url":"https:\/\/dailynewsfreshz.com\/?p=1941","robots":"max-image-preview:large","keywords":"","webmasterTools":{"miscellaneous":""},"schema":{"@context":"https:\/\/schema.org","@graph":[{"@type":"BlogPosting","@id":"https:\/\/dailynewsfreshz.com\/?p=1941#blogposting","name":"AfD und das Milliarden-Sonderverm\u00f6gen: Der Streit um Schuldenbremse und Verfassung spitzt sich zu - \u041f. \u041a. \u042f\u0432\u043e\u0440\u043e\u0432","headline":"AfD und das Milliarden-Sonderverm\u00f6gen: Der Streit um Schuldenbremse und Verfassung spitzt sich zu","author":{"@id":"https:\/\/dailynewsfreshz.com\/?author=1#author"},"publisher":{"@id":"https:\/\/dailynewsfreshz.com\/#organization"},"image":{"@type":"ImageObject","url":"https:\/\/dailynewsfreshz.com\/wp-content\/uploads\/2026\/08\/785993218_122341248920011473_4466990936855846150_n.jpg","@id":"https:\/\/dailynewsfreshz.com\/?p=1941\/#articleImage","width":1200,"height":1200},"datePublished":"2026-08-30T08:16:02+00:00","dateModified":"2026-08-30T08:16:02+00:00","inLanguage":"en-US","mainEntityOfPage":{"@id":"https:\/\/dailynewsfreshz.com\/?p=1941#webpage"},"isPartOf":{"@id":"https:\/\/dailynewsfreshz.com\/?p=1941#webpage"},"articleSection":"Uncategorized"},{"@type":"BreadcrumbList","@id":"https:\/\/dailynewsfreshz.com\/?p=1941#breadcrumblist","itemListElement":[{"@type":"ListItem","@id":"https:\/\/dailynewsfreshz.com#listItem","position":1,"name":"Home","item":"https:\/\/dailynewsfreshz.com","nextItem":{"@type":"ListItem","@id":"https:\/\/dailynewsfreshz.com\/?cat=1#listItem","name":"Uncategorized"}},{"@type":"ListItem","@id":"https:\/\/dailynewsfreshz.com\/?cat=1#listItem","position":2,"name":"Uncategorized","item":"https:\/\/dailynewsfreshz.com\/?cat=1","nextItem":{"@type":"ListItem","@id":"https:\/\/dailynewsfreshz.com\/?p=1941#listItem","name":"AfD und das Milliarden-Sonderverm\u00f6gen: Der Streit um Schuldenbremse und Verfassung spitzt sich zu"},"previousItem":{"@type":"ListItem","@id":"https:\/\/dailynewsfreshz.com#listItem","name":"Home"}},{"@type":"ListItem","@id":"https:\/\/dailynewsfreshz.com\/?p=1941#listItem","position":3,"name":"AfD und das Milliarden-Sonderverm\u00f6gen: Der Streit um Schuldenbremse und Verfassung spitzt sich zu","previousItem":{"@type":"ListItem","@id":"https:\/\/dailynewsfreshz.com\/?cat=1#listItem","name":"Uncategorized"}}]},{"@type":"Organization","@id":"https:\/\/dailynewsfreshz.com\/#organization","name":"\u041f. \u041a. \u042f\u0432\u043e\u0440\u043e\u0432","url":"https:\/\/dailynewsfreshz.com\/"},{"@type":"Person","@id":"https:\/\/dailynewsfreshz.com\/?author=1#author","url":"https:\/\/dailynewsfreshz.com\/?author=1","name":"anhadmin","image":{"@type":"ImageObject","@id":"https:\/\/dailynewsfreshz.com\/?p=1941#authorImage","url":"https:\/\/secure.gravatar.com\/avatar\/22be87b468f997ebfe839db21c763eafd9d869ab5e04973d7684c241e5d475a3?s=96&d=mm&r=g","width":96,"height":96,"caption":"anhadmin"}},{"@type":"WebPage","@id":"https:\/\/dailynewsfreshz.com\/?p=1941#webpage","url":"https:\/\/dailynewsfreshz.com\/?p=1941","name":"AfD und das Milliarden-Sonderverm\u00f6gen: Der Streit um Schuldenbremse und Verfassung spitzt sich zu - \u041f. \u041a. \u042f\u0432\u043e\u0440\u043e\u0432","description":"Der Streit \u00fcber Deutschlands Schuldenpolitik geht in die n\u00e4chste Runde. Im Mittelpunkt steht das milliardenschwere Sonderverm\u00f6gen f\u00fcr Infrastruktur und Klimaneutralit\u00e4t sowie die Frage, ob die damit verbundenen Kreditaufnahmen tats\u00e4chlich mit den Vorgaben des Grundgesetzes vereinbar sind. Die AfD kritisiert die Konstruktion des Sonderverm\u00f6gens seit Monaten und argumentiert, dass eine massive zus\u00e4tzliche Verschuldung nur dann verfassungsrechtlich","inLanguage":"en-US","isPartOf":{"@id":"https:\/\/dailynewsfreshz.com\/#website"},"breadcrumb":{"@id":"https:\/\/dailynewsfreshz.com\/?p=1941#breadcrumblist"},"author":{"@id":"https:\/\/dailynewsfreshz.com\/?author=1#author"},"creator":{"@id":"https:\/\/dailynewsfreshz.com\/?author=1#author"},"datePublished":"2026-08-30T08:16:02+00:00","dateModified":"2026-08-30T08:16:02+00:00"},{"@type":"WebSite","@id":"https:\/\/dailynewsfreshz.com\/#website","url":"https:\/\/dailynewsfreshz.com\/","name":"\u041f. \u041a. \u042f\u0432\u043e\u0440\u043e\u0432","inLanguage":"en-US","publisher":{"@id":"https:\/\/dailynewsfreshz.com\/#organization"}}]},"og:locale":"en_US","og:site_name":"\u041f. \u041a. \u042f\u0432\u043e\u0440\u043e\u0432 -","og:type":"article","og:title":"AfD und das Milliarden-Sonderverm\u00f6gen: Der Streit um Schuldenbremse und Verfassung spitzt sich zu - \u041f. \u041a. \u042f\u0432\u043e\u0440\u043e\u0432","og:description":"Der Streit \u00fcber Deutschlands Schuldenpolitik geht in die n\u00e4chste Runde. Im Mittelpunkt steht das milliardenschwere Sonderverm\u00f6gen f\u00fcr Infrastruktur und Klimaneutralit\u00e4t sowie die Frage, ob die damit verbundenen Kreditaufnahmen tats\u00e4chlich mit den Vorgaben des Grundgesetzes vereinbar sind. Die AfD kritisiert die Konstruktion des Sonderverm\u00f6gens seit Monaten und argumentiert, dass eine massive zus\u00e4tzliche Verschuldung nur dann verfassungsrechtlich","og:url":"https:\/\/dailynewsfreshz.com\/?p=1941","article:published_time":"2026-08-30T08:16:02+00:00","article:modified_time":"2026-08-30T08:16:02+00:00","twitter:card":"summary_large_image","twitter:title":"AfD und das Milliarden-Sonderverm\u00f6gen: Der Streit um Schuldenbremse und Verfassung spitzt sich zu - \u041f. \u041a. \u042f\u0432\u043e\u0440\u043e\u0432","twitter:description":"Der Streit \u00fcber Deutschlands Schuldenpolitik geht in die n\u00e4chste Runde. Im Mittelpunkt steht das milliardenschwere Sonderverm\u00f6gen f\u00fcr Infrastruktur und Klimaneutralit\u00e4t sowie die Frage, ob die damit verbundenen Kreditaufnahmen tats\u00e4chlich mit den Vorgaben des Grundgesetzes vereinbar sind. Die AfD kritisiert die Konstruktion des Sonderverm\u00f6gens seit Monaten und argumentiert, dass eine massive zus\u00e4tzliche Verschuldung nur dann verfassungsrechtlich"},"aioseo_meta_data":{"post_id":"1941","title":null,"description":null,"keywords":null,"keyphrases":{"focus":{"keyphrase":"","score":0,"analysis":{"keyphraseInTitle":{"score":0,"maxScore":9,"error":1}}},"additional":[]},"primary_term":null,"canonical_url":null,"og_title":null,"og_description":null,"og_object_type":"default","og_image_type":"default","og_image_url":null,"og_image_width":null,"og_image_height":null,"og_image_custom_url":null,"og_image_custom_fields":null,"og_video":"","og_custom_url":null,"og_article_section":null,"og_article_tags":null,"twitter_use_og":false,"twitter_card":"default","twitter_image_type":"default","twitter_image_url":null,"twitter_image_custom_url":null,"twitter_image_custom_fields":null,"twitter_title":null,"twitter_description":null,"schema":{"blockGraphs":[],"customGraphs":[],"default":{"data":{"Article":[],"Course":[],"Dataset":[],"FAQPage":[],"Movie":[],"Person":[],"Product":[],"ProductReview":[],"Car":[],"Recipe":[],"Service":[],"SoftwareApplication":[],"WebPage":[]},"graphName":"BlogPosting","isEnabled":true},"graphs":[]},"schema_type":"default","schema_type_options":null,"pillar_content":false,"robots_default":true,"robots_noindex":false,"robots_noarchive":false,"robots_nosnippet":false,"robots_nofollow":false,"robots_noimageindex":false,"robots_noodp":false,"robots_notranslate":false,"robots_max_snippet":"-1","robots_max_videopreview":"-1","robots_max_imagepreview":"large","priority":null,"frequency":"default","local_seo":null,"breadcrumb_settings":null,"limit_modified_date":false,"ai":{"faqs":[],"keyPoints":[],"schemas":[],"titles":[],"descriptions":[],"socialPosts":{"email":{"subject":"","preview":"","content":""},"linkedin":[],"twitter":[],"facebook":[],"instagram":[]}},"created":"2026-08-30 08:16:02","updated":"2026-08-30 13:30:03","focus_keyword":null,"additional_keywords":null,"truseo_locale":null,"seo_analyzer_scan_date":null},"aioseo_breadcrumb":"<div class=\"aioseo-breadcrumbs\"><span class=\"aioseo-breadcrumb\">\n\t\t\t<a href=\"https:\/\/dailynewsfreshz.com\" title=\"Home\">Home<\/a>\n\t\t<\/span><span class=\"aioseo-breadcrumb-separator\">&raquo;<\/span><span class=\"aioseo-breadcrumb\">\n\t\t\t<a href=\"https:\/\/dailynewsfreshz.com\/?cat=1\" title=\"Uncategorized\">Uncategorized<\/a>\n\t\t<\/span><span class=\"aioseo-breadcrumb-separator\">&raquo;<\/span><span class=\"aioseo-breadcrumb\">\n\t\t\tAfD und das Milliarden-Sonderverm\u00f6gen: Der Streit um Schuldenbremse und Verfassung spitzt sich zu\n\t\t<\/span><\/div>","aioseo_breadcrumb_json":[{"label":"Home","link":"https:\/\/dailynewsfreshz.com"},{"label":"Uncategorized","link":"https:\/\/dailynewsfreshz.com\/?cat=1"},{"label":"AfD und das Milliarden-Sonderverm\u00f6gen: Der Streit um Schuldenbremse und Verfassung spitzt sich zu","link":"https:\/\/dailynewsfreshz.com\/?p=1941"}],"_links":{"self":[{"href":"https:\/\/dailynewsfreshz.com\/index.php?rest_route=\/wp\/v2\/posts\/1941","targetHints":{"allow":["GET"]}}],"collection":[{"href":"https:\/\/dailynewsfreshz.com\/index.php?rest_route=\/wp\/v2\/posts"}],"about":[{"href":"https:\/\/dailynewsfreshz.com\/index.php?rest_route=\/wp\/v2\/types\/post"}],"author":[{"embeddable":true,"href":"https:\/\/dailynewsfreshz.com\/index.php?rest_route=\/wp\/v2\/users\/1"}],"replies":[{"embeddable":true,"href":"https:\/\/dailynewsfreshz.com\/index.php?rest_route=%2Fwp%2Fv2%2Fcomments&post=1941"}],"version-history":[{"count":1,"href":"https:\/\/dailynewsfreshz.com\/index.php?rest_route=\/wp\/v2\/posts\/1941\/revisions"}],"predecessor-version":[{"id":1943,"href":"https:\/\/dailynewsfreshz.com\/index.php?rest_route=\/wp\/v2\/posts\/1941\/revisions\/1943"}],"wp:attachment":[{"href":"https:\/\/dailynewsfreshz.com\/index.php?rest_route=%2Fwp%2Fv2%2Fmedia&parent=1941"}],"wp:term":[{"taxonomy":"category","embeddable":true,"href":"https:\/\/dailynewsfreshz.com\/index.php?rest_route=%2Fwp%2Fv2%2Fcategories&post=1941"},{"taxonomy":"post_tag","embeddable":true,"href":"https:\/\/dailynewsfreshz.com\/index.php?rest_route=%2Fwp%2Fv2%2Ftags&post=1941"}],"curies":[{"name":"wp","href":"https:\/\/api.w.org\/{rel}","templated":true}]}}