{"id":1944,"date":"2026-08-30T13:29:09","date_gmt":"2026-08-30T13:29:09","guid":{"rendered":"https:\/\/dailynewsfreshz.com\/?p=1944"},"modified":"2026-08-30T13:29:09","modified_gmt":"2026-08-30T13:29:09","slug":"sie-haben-keine-ahnung-von-unserem-alltag-emotionaler-schlagabtausch-mit-friedrich-merz-sorgt-fur-diskussionen","status":"publish","type":"post","link":"https:\/\/dailynewsfreshz.com\/?p=1944","title":{"rendered":"\u201eSie haben keine Ahnung von unserem Alltag!\u201c \u2013 Emotionaler Schlagabtausch mit Friedrich Merz sorgt f\u00fcr Diskussionen"},"content":{"rendered":"<h1><img loading=\"lazy\" decoding=\"async\" class=\"alignnone size-full wp-image-1945\" src=\"https:\/\/dailynewsfreshz.com\/wp-content\/uploads\/2026\/08\/789539148_122276526746180454_8784719683484702418_n.jpg\" alt=\"\" width=\"1200\" height=\"1500\" srcset=\"https:\/\/dailynewsfreshz.com\/wp-content\/uploads\/2026\/08\/789539148_122276526746180454_8784719683484702418_n.jpg 1200w, https:\/\/dailynewsfreshz.com\/wp-content\/uploads\/2026\/08\/789539148_122276526746180454_8784719683484702418_n-240x300.jpg 240w, https:\/\/dailynewsfreshz.com\/wp-content\/uploads\/2026\/08\/789539148_122276526746180454_8784719683484702418_n-819x1024.jpg 819w, https:\/\/dailynewsfreshz.com\/wp-content\/uploads\/2026\/08\/789539148_122276526746180454_8784719683484702418_n-768x960.jpg 768w\" sizes=\"auto, (max-width: 1200px) 100vw, 1200px\" \/><\/h1>\n<p>Ein emotionaler TV-Moment sorgt derzeit f\u00fcr Aufmerksamkeit: In einer am 28. August 2026 ausgestrahlten Diskussion wurde Bundeskanzler Friedrich Merz mit ungew\u00f6hnlich deutlicher Kritik eines Familienvaters konfrontiert. Im Mittelpunkt standen die Situation deutscher Familien, fehlende Betreuungsangebote, steigende Belastungen und die Frage, ob die Politik die tats\u00e4chlichen Probleme von Eltern ausreichend ber\u00fccksichtigt.<\/p>\n<p>Der junge Familienvater, der in der Sendung als Herr Bernt angesprochen wurde, machte seinem \u00c4rger \u00fcber die aktuelle Familienpolitik Luft. Aus seiner Sicht w\u00fcrden Eltern und Kinder in politischen Entscheidungen nicht die notwendige Priorit\u00e4t erhalten.<\/p>\n<p>Besonders kritisierte er die finanzielle Unterst\u00fctzung f\u00fcr Familien. Die Erh\u00f6hung des Kindergeldes um lediglich vier Euro im Monat bezeichnete er als v\u00f6llig unzureichend angesichts der gestiegenen Kosten im Alltag. F\u00fcr viele Eltern gehe es l\u00e4ngst nicht mehr nur um einzelne staatliche Leistungen, sondern um die grunds\u00e4tzliche Frage, wie Familien ihren Alltag unter den derzeitigen Bedingungen bew\u00e4ltigen sollen.<\/p>\n<h2>Fehlende Kita-Pl\u00e4tze als gro\u00dfes Problem<\/h2>\n<p>Ein weiterer Schwerpunkt des Gespr\u00e4chs waren fehlende Betreuungspl\u00e4tze. Der Familienvater machte deutlich, dass viele Eltern ihre berufliche Situation nicht v\u00f6llig frei gestalten k\u00f6nnten, weil geeignete Betreuungsm\u00f6glichkeiten fehlten.<\/p>\n<p>Auch das Bildungssystem und die finanzielle Belastung von Familien wurden angesprochen. Aus Sicht des Diskussionsteilnehmers m\u00fcsse die Politik wesentlich st\u00e4rker in Infrastruktur, Betreuung und Bildung investieren.<\/p>\n<p>Merz verteidigte dagegen die politischen Handlungsm\u00f6glichkeiten der Bundesregierung. Er verwies darauf, dass die finanziellen Spielr\u00e4ume des Staates begrenzt seien und Bund, L\u00e4nder und Kommunen gemeinsam Verantwortung \u00fcbernehmen m\u00fcssten.<\/p>\n<p>Zudem verwies der Kanzler auf geplante steuerliche Entlastungen, durch die Familien nach seiner Darstellung k\u00fcnftig um bis zu 600 Euro im Jahr profitieren k\u00f6nnten.<\/p>\n<h2>Besonders heftig: die Diskussion \u00fcber Teilzeitarbeit<\/h2>\n<p>F\u00fcr die emotionalsten Momente sorgte offenbar das Thema Arbeitszeit.<\/p>\n<p>Der Familienvater kritisierte Aussagen von Merz zur Ausweitung der Arbeitszeit und erkl\u00e4rte, dass solche \u00c4u\u00dferungen bei vielen Eltern v\u00f6llig anders ank\u00e4men, als sie m\u00f6glicherweise gemeint seien.<\/p>\n<p>Seine Frau arbeite in Teilzeit, um die Betreuung und Erziehung der gemeinsamen Kinder gew\u00e4hrleisten zu k\u00f6nnen. Teilzeitarbeit sei f\u00fcr viele Familien daher keine Frage eines pers\u00f6nlichen \u201eLifestyle\u201c, sondern eine Konsequenz fehlender Betreuungsm\u00f6glichkeiten und der t\u00e4glichen Organisation des Familienlebens.<\/p>\n<p>Genau hier prallten unterschiedliche Perspektiven aufeinander: W\u00e4hrend die Politik angesichts des Fachkr\u00e4ftemangels st\u00e4rker auf Arbeitsanreize und eine h\u00f6here Erwerbsbeteiligung setzt, erleben viele Eltern zus\u00e4tzliche Arbeitszeit als kaum realisierbar, solange gleichzeitig ausreichend Kita- und Betreuungspl\u00e4tze fehlen.<\/p>\n<h2>\u201eUnsere Kinder sind die Fachkr\u00e4fte von morgen\u201c<\/h2>\n<p>Der Familienvater forderte deshalb eine deutlich st\u00e4rkere Anerkennung der Erziehungsleistung von Eltern.<\/p>\n<p>Kinder seien nicht lediglich ein kurzfristiger Kostenfaktor f\u00fcr den Staat. Sie seien zugleich die Menschen, die sp\u00e4ter als Arbeitnehmer, Fachkr\u00e4fte und Steuerzahler zum Funktionieren der Gesellschaft beitragen w\u00fcrden.<\/p>\n<p>Mit dieser Argumentation machte er deutlich, dass Familienpolitik aus seiner Sicht nicht nur als Sozialpolitik betrachtet werden d\u00fcrfe. Vielmehr gehe es um eine langfristige Investition in die Zukunft Deutschlands.<\/p>\n<p>Die Diskussion entwickelte sich damit von einer pers\u00f6nlichen Beschwerde zu einer grunds\u00e4tzlichen politischen Debatte: Wie viel Unterst\u00fctzung brauchen Familien? Wer tr\u00e4gt die Verantwortung f\u00fcr Betreuung und Bildung? Und wie kann Deutschland gleichzeitig den Fachkr\u00e4ftemangel bek\u00e4mpfen und Eltern erm\u00f6glichen, Beruf und Familie miteinander zu vereinbaren?<\/p>\n<h2>Ein TV-Moment mit gro\u00dfer Resonanz<\/h2>\n<p>Der direkte Widerspruch des B\u00fcrgers gegen\u00fcber Merz wurde anschlie\u00dfend online vielfach kommentiert und geteilt. Besonders die unverbl\u00fcmte Art des Familienvaters traf offenbar einen Nerv bei Menschen, die sich mit \u00e4hnlichen Problemen konfrontiert sehen.<\/p>\n<p>Dabei geht es l\u00e4ngst nicht nur um die vier Euro mehr Kindergeld oder eine einzelne Aussage zur Arbeitszeit. Die Diskussion ber\u00fchrt gr\u00f6\u00dfere Fragen: steigende Lebenshaltungskosten, fehlende Betreuungspl\u00e4tze, die Vereinbarkeit von Familie und Beruf sowie die Frage nach den politischen Priorit\u00e4ten.<\/p>\n<p>F\u00fcr Merz kommt die \u00f6ffentliche Debatte zudem zu einem politisch schwierigen Zeitpunkt. Seine Regierung steht unter erheblichem Druck, wirtschaftliche Reformen umzusetzen und gleichzeitig auf die wachsende Unzufriedenheit in Teilen der Bev\u00f6lkerung zu reagieren. Aktuelle Berichte verweisen ebenfalls auf Herausforderungen f\u00fcr Merz und die CDU sowie auf eine angespannte politische Stimmung.<\/p>\n<p>Der TV-Austausch zeigt damit vor allem eines: Zwischen politischen Konzepten und dem Alltag vieler Familien besteht weiterhin eine deutliche Spannung. Und genau diese Kluft sorgt daf\u00fcr, dass der Auftritt von Merz und der offene Widerspruch des Familienvaters auch nach der Sendung weiter f\u00fcr Diskussionen sorgen.<\/p>\n","protected":false},"excerpt":{"rendered":"<p>Ein emotionaler TV-Moment sorgt derzeit f\u00fcr Aufmerksamkeit: In einer am 28. August 2026 ausgestrahlten Diskussion wurde Bundeskanzler Friedrich Merz mit ungew\u00f6hnlich deutlicher Kritik eines Familienvaters &hellip; <\/p>\n","protected":false},"author":1,"featured_media":0,"comment_status":"open","ping_status":"open","sticky":false,"template":"","format":"standard","meta":{"footnotes":""},"categories":[1],"tags":[],"class_list":["post-1944","post","type-post","status-publish","format-standard","hentry","category-uncategorized"],"aioseo_notices":[],"aioseo_head":"\n\t\t<!-- All in One SEO 5.0.0.1 - aioseo.com -->\n\t<meta name=\"description\" content=\"Ein emotionaler TV-Moment sorgt derzeit f\u00fcr Aufmerksamkeit: In einer am 28. August 2026 ausgestrahlten Diskussion wurde Bundeskanzler Friedrich Merz mit ungew\u00f6hnlich deutlicher Kritik eines Familienvaters konfrontiert. Im Mittelpunkt standen die Situation deutscher Familien, fehlende Betreuungsangebote, steigende Belastungen und die Frage, ob die Politik die tats\u00e4chlichen Probleme von Eltern ausreichend ber\u00fccksichtigt. Der junge Familienvater, der in\" \/>\n\t<meta name=\"robots\" content=\"max-image-preview:large\" \/>\n\t<meta name=\"author\" content=\"anhadmin\"\/>\n\t<link rel=\"canonical\" href=\"https:\/\/dailynewsfreshz.com\/?p=1944\" \/>\n\t<meta name=\"generator\" content=\"All in One SEO (AIOSEO) 5.0.0.1\" \/>\n\t\t<meta property=\"og:locale\" content=\"en_US\" \/>\n\t\t<meta property=\"og:site_name\" content=\"\u041f. \u041a. \u042f\u0432\u043e\u0440\u043e\u0432 -\" \/>\n\t\t<meta property=\"og:type\" content=\"article\" \/>\n\t\t<meta property=\"og:title\" content=\"\u201eSie haben keine Ahnung von unserem Alltag!\u201c \u2013 Emotionaler Schlagabtausch mit Friedrich Merz sorgt f\u00fcr Diskussionen - \u041f. \u041a. \u042f\u0432\u043e\u0440\u043e\u0432\" \/>\n\t\t<meta property=\"og:description\" content=\"Ein emotionaler TV-Moment sorgt derzeit f\u00fcr Aufmerksamkeit: In einer am 28. August 2026 ausgestrahlten Diskussion wurde Bundeskanzler Friedrich Merz mit ungew\u00f6hnlich deutlicher Kritik eines Familienvaters konfrontiert. Im Mittelpunkt standen die Situation deutscher Familien, fehlende Betreuungsangebote, steigende Belastungen und die Frage, ob die Politik die tats\u00e4chlichen Probleme von Eltern ausreichend ber\u00fccksichtigt. Der junge Familienvater, der in\" \/>\n\t\t<meta property=\"og:url\" content=\"https:\/\/dailynewsfreshz.com\/?p=1944\" \/>\n\t\t<meta property=\"article:published_time\" content=\"2026-08-30T13:29:09+00:00\" \/>\n\t\t<meta property=\"article:modified_time\" content=\"2026-08-30T13:29:09+00:00\" \/>\n\t\t<meta name=\"twitter:card\" content=\"summary_large_image\" \/>\n\t\t<meta name=\"twitter:title\" content=\"\u201eSie haben keine Ahnung von unserem Alltag!\u201c \u2013 Emotionaler Schlagabtausch mit Friedrich Merz sorgt f\u00fcr Diskussionen - \u041f. \u041a. \u042f\u0432\u043e\u0440\u043e\u0432\" \/>\n\t\t<meta name=\"twitter:description\" content=\"Ein emotionaler TV-Moment sorgt derzeit f\u00fcr Aufmerksamkeit: In einer am 28. August 2026 ausgestrahlten Diskussion wurde Bundeskanzler Friedrich Merz mit ungew\u00f6hnlich deutlicher Kritik eines Familienvaters konfrontiert. Im Mittelpunkt standen die Situation deutscher Familien, fehlende Betreuungsangebote, steigende Belastungen und die Frage, ob die Politik die tats\u00e4chlichen Probleme von Eltern ausreichend ber\u00fccksichtigt. Der junge Familienvater, der in\" \/>\n\t\t<script type=\"application\/ld+json\" class=\"aioseo-schema\">\n\t\t\t{\"@context\":\"https:\\\/\\\/schema.org\",\"@graph\":[{\"@type\":\"BlogPosting\",\"@id\":\"https:\\\/\\\/dailynewsfreshz.com\\\/?p=1944#blogposting\",\"name\":\"\\u201eSie haben keine Ahnung von unserem Alltag!\\u201c \\u2013 Emotionaler Schlagabtausch mit Friedrich Merz sorgt f\\u00fcr Diskussionen - \\u041f. \\u041a. \\u042f\\u0432\\u043e\\u0440\\u043e\\u0432\",\"headline\":\"\\u201eSie haben keine Ahnung von unserem Alltag!\\u201c \\u2013 Emotionaler Schlagabtausch mit Friedrich Merz sorgt f\\u00fcr Diskussionen\",\"author\":{\"@id\":\"https:\\\/\\\/dailynewsfreshz.com\\\/?author=1#author\"},\"publisher\":{\"@id\":\"https:\\\/\\\/dailynewsfreshz.com\\\/#organization\"},\"image\":{\"@type\":\"ImageObject\",\"url\":\"https:\\\/\\\/dailynewsfreshz.com\\\/wp-content\\\/uploads\\\/2026\\\/08\\\/789539148_122276526746180454_8784719683484702418_n.jpg\",\"@id\":\"https:\\\/\\\/dailynewsfreshz.com\\\/?p=1944\\\/#articleImage\",\"width\":1200,\"height\":1500},\"datePublished\":\"2026-08-30T13:29:09+00:00\",\"dateModified\":\"2026-08-30T13:29:09+00:00\",\"inLanguage\":\"en-US\",\"mainEntityOfPage\":{\"@id\":\"https:\\\/\\\/dailynewsfreshz.com\\\/?p=1944#webpage\"},\"isPartOf\":{\"@id\":\"https:\\\/\\\/dailynewsfreshz.com\\\/?p=1944#webpage\"},\"articleSection\":\"Uncategorized\"},{\"@type\":\"BreadcrumbList\",\"@id\":\"https:\\\/\\\/dailynewsfreshz.com\\\/?p=1944#breadcrumblist\",\"itemListElement\":[{\"@type\":\"ListItem\",\"@id\":\"https:\\\/\\\/dailynewsfreshz.com#listItem\",\"position\":1,\"name\":\"Home\",\"item\":\"https:\\\/\\\/dailynewsfreshz.com\",\"nextItem\":{\"@type\":\"ListItem\",\"@id\":\"https:\\\/\\\/dailynewsfreshz.com\\\/?cat=1#listItem\",\"name\":\"Uncategorized\"}},{\"@type\":\"ListItem\",\"@id\":\"https:\\\/\\\/dailynewsfreshz.com\\\/?cat=1#listItem\",\"position\":2,\"name\":\"Uncategorized\",\"item\":\"https:\\\/\\\/dailynewsfreshz.com\\\/?cat=1\",\"nextItem\":{\"@type\":\"ListItem\",\"@id\":\"https:\\\/\\\/dailynewsfreshz.com\\\/?p=1944#listItem\",\"name\":\"\\u201eSie haben keine Ahnung von unserem Alltag!\\u201c \\u2013 Emotionaler Schlagabtausch mit Friedrich Merz sorgt f\\u00fcr Diskussionen\"},\"previousItem\":{\"@type\":\"ListItem\",\"@id\":\"https:\\\/\\\/dailynewsfreshz.com#listItem\",\"name\":\"Home\"}},{\"@type\":\"ListItem\",\"@id\":\"https:\\\/\\\/dailynewsfreshz.com\\\/?p=1944#listItem\",\"position\":3,\"name\":\"\\u201eSie haben keine Ahnung von unserem Alltag!\\u201c \\u2013 Emotionaler Schlagabtausch mit Friedrich Merz sorgt f\\u00fcr Diskussionen\",\"previousItem\":{\"@type\":\"ListItem\",\"@id\":\"https:\\\/\\\/dailynewsfreshz.com\\\/?cat=1#listItem\",\"name\":\"Uncategorized\"}}]},{\"@type\":\"Organization\",\"@id\":\"https:\\\/\\\/dailynewsfreshz.com\\\/#organization\",\"name\":\"\\u041f. \\u041a. \\u042f\\u0432\\u043e\\u0440\\u043e\\u0432\",\"url\":\"https:\\\/\\\/dailynewsfreshz.com\\\/\"},{\"@type\":\"Person\",\"@id\":\"https:\\\/\\\/dailynewsfreshz.com\\\/?author=1#author\",\"url\":\"https:\\\/\\\/dailynewsfreshz.com\\\/?author=1\",\"name\":\"anhadmin\",\"image\":{\"@type\":\"ImageObject\",\"@id\":\"https:\\\/\\\/dailynewsfreshz.com\\\/?p=1944#authorImage\",\"url\":\"https:\\\/\\\/secure.gravatar.com\\\/avatar\\\/22be87b468f997ebfe839db21c763eafd9d869ab5e04973d7684c241e5d475a3?s=96&d=mm&r=g\",\"width\":96,\"height\":96,\"caption\":\"anhadmin\"}},{\"@type\":\"WebPage\",\"@id\":\"https:\\\/\\\/dailynewsfreshz.com\\\/?p=1944#webpage\",\"url\":\"https:\\\/\\\/dailynewsfreshz.com\\\/?p=1944\",\"name\":\"\\u201eSie haben keine Ahnung von unserem Alltag!\\u201c \\u2013 Emotionaler Schlagabtausch mit Friedrich Merz sorgt f\\u00fcr Diskussionen - \\u041f. \\u041a. \\u042f\\u0432\\u043e\\u0440\\u043e\\u0432\",\"description\":\"Ein emotionaler TV-Moment sorgt derzeit f\\u00fcr Aufmerksamkeit: In einer am 28. August 2026 ausgestrahlten Diskussion wurde Bundeskanzler Friedrich Merz mit ungew\\u00f6hnlich deutlicher Kritik eines Familienvaters konfrontiert. Im Mittelpunkt standen die Situation deutscher Familien, fehlende Betreuungsangebote, steigende Belastungen und die Frage, ob die Politik die tats\\u00e4chlichen Probleme von Eltern ausreichend ber\\u00fccksichtigt. Der junge Familienvater, der in\",\"inLanguage\":\"en-US\",\"isPartOf\":{\"@id\":\"https:\\\/\\\/dailynewsfreshz.com\\\/#website\"},\"breadcrumb\":{\"@id\":\"https:\\\/\\\/dailynewsfreshz.com\\\/?p=1944#breadcrumblist\"},\"author\":{\"@id\":\"https:\\\/\\\/dailynewsfreshz.com\\\/?author=1#author\"},\"creator\":{\"@id\":\"https:\\\/\\\/dailynewsfreshz.com\\\/?author=1#author\"},\"datePublished\":\"2026-08-30T13:29:09+00:00\",\"dateModified\":\"2026-08-30T13:29:09+00:00\"},{\"@type\":\"WebSite\",\"@id\":\"https:\\\/\\\/dailynewsfreshz.com\\\/#website\",\"url\":\"https:\\\/\\\/dailynewsfreshz.com\\\/\",\"name\":\"\\u041f. \\u041a. \\u042f\\u0432\\u043e\\u0440\\u043e\\u0432\",\"inLanguage\":\"en-US\",\"publisher\":{\"@id\":\"https:\\\/\\\/dailynewsfreshz.com\\\/#organization\"}}]}\n\t\t<\/script>\n\t\t<!-- All in One SEO -->\n\n","aioseo_head_json":{"title":"\u201eSie haben keine Ahnung von unserem Alltag!\u201c \u2013 Emotionaler Schlagabtausch mit Friedrich Merz sorgt f\u00fcr Diskussionen - \u041f. \u041a. \u042f\u0432\u043e\u0440\u043e\u0432","description":"Ein emotionaler TV-Moment sorgt derzeit f\u00fcr Aufmerksamkeit: In einer am 28. August 2026 ausgestrahlten Diskussion wurde Bundeskanzler Friedrich Merz mit ungew\u00f6hnlich deutlicher Kritik eines Familienvaters konfrontiert. Im Mittelpunkt standen die Situation deutscher Familien, fehlende Betreuungsangebote, steigende Belastungen und die Frage, ob die Politik die tats\u00e4chlichen Probleme von Eltern ausreichend ber\u00fccksichtigt. Der junge Familienvater, der in","canonical_url":"https:\/\/dailynewsfreshz.com\/?p=1944","robots":"max-image-preview:large","keywords":"","webmasterTools":{"miscellaneous":""},"schema":{"@context":"https:\/\/schema.org","@graph":[{"@type":"BlogPosting","@id":"https:\/\/dailynewsfreshz.com\/?p=1944#blogposting","name":"\u201eSie haben keine Ahnung von unserem Alltag!\u201c \u2013 Emotionaler Schlagabtausch mit Friedrich Merz sorgt f\u00fcr Diskussionen - \u041f. \u041a. \u042f\u0432\u043e\u0440\u043e\u0432","headline":"\u201eSie haben keine Ahnung von unserem Alltag!\u201c \u2013 Emotionaler Schlagabtausch mit Friedrich Merz sorgt f\u00fcr Diskussionen","author":{"@id":"https:\/\/dailynewsfreshz.com\/?author=1#author"},"publisher":{"@id":"https:\/\/dailynewsfreshz.com\/#organization"},"image":{"@type":"ImageObject","url":"https:\/\/dailynewsfreshz.com\/wp-content\/uploads\/2026\/08\/789539148_122276526746180454_8784719683484702418_n.jpg","@id":"https:\/\/dailynewsfreshz.com\/?p=1944\/#articleImage","width":1200,"height":1500},"datePublished":"2026-08-30T13:29:09+00:00","dateModified":"2026-08-30T13:29:09+00:00","inLanguage":"en-US","mainEntityOfPage":{"@id":"https:\/\/dailynewsfreshz.com\/?p=1944#webpage"},"isPartOf":{"@id":"https:\/\/dailynewsfreshz.com\/?p=1944#webpage"},"articleSection":"Uncategorized"},{"@type":"BreadcrumbList","@id":"https:\/\/dailynewsfreshz.com\/?p=1944#breadcrumblist","itemListElement":[{"@type":"ListItem","@id":"https:\/\/dailynewsfreshz.com#listItem","position":1,"name":"Home","item":"https:\/\/dailynewsfreshz.com","nextItem":{"@type":"ListItem","@id":"https:\/\/dailynewsfreshz.com\/?cat=1#listItem","name":"Uncategorized"}},{"@type":"ListItem","@id":"https:\/\/dailynewsfreshz.com\/?cat=1#listItem","position":2,"name":"Uncategorized","item":"https:\/\/dailynewsfreshz.com\/?cat=1","nextItem":{"@type":"ListItem","@id":"https:\/\/dailynewsfreshz.com\/?p=1944#listItem","name":"\u201eSie haben keine Ahnung von unserem Alltag!\u201c \u2013 Emotionaler Schlagabtausch mit Friedrich Merz sorgt f\u00fcr Diskussionen"},"previousItem":{"@type":"ListItem","@id":"https:\/\/dailynewsfreshz.com#listItem","name":"Home"}},{"@type":"ListItem","@id":"https:\/\/dailynewsfreshz.com\/?p=1944#listItem","position":3,"name":"\u201eSie haben keine Ahnung von unserem Alltag!\u201c \u2013 Emotionaler Schlagabtausch mit Friedrich Merz sorgt f\u00fcr Diskussionen","previousItem":{"@type":"ListItem","@id":"https:\/\/dailynewsfreshz.com\/?cat=1#listItem","name":"Uncategorized"}}]},{"@type":"Organization","@id":"https:\/\/dailynewsfreshz.com\/#organization","name":"\u041f. \u041a. \u042f\u0432\u043e\u0440\u043e\u0432","url":"https:\/\/dailynewsfreshz.com\/"},{"@type":"Person","@id":"https:\/\/dailynewsfreshz.com\/?author=1#author","url":"https:\/\/dailynewsfreshz.com\/?author=1","name":"anhadmin","image":{"@type":"ImageObject","@id":"https:\/\/dailynewsfreshz.com\/?p=1944#authorImage","url":"https:\/\/secure.gravatar.com\/avatar\/22be87b468f997ebfe839db21c763eafd9d869ab5e04973d7684c241e5d475a3?s=96&d=mm&r=g","width":96,"height":96,"caption":"anhadmin"}},{"@type":"WebPage","@id":"https:\/\/dailynewsfreshz.com\/?p=1944#webpage","url":"https:\/\/dailynewsfreshz.com\/?p=1944","name":"\u201eSie haben keine Ahnung von unserem Alltag!\u201c \u2013 Emotionaler Schlagabtausch mit Friedrich Merz sorgt f\u00fcr Diskussionen - \u041f. \u041a. \u042f\u0432\u043e\u0440\u043e\u0432","description":"Ein emotionaler TV-Moment sorgt derzeit f\u00fcr Aufmerksamkeit: In einer am 28. August 2026 ausgestrahlten Diskussion wurde Bundeskanzler Friedrich Merz mit ungew\u00f6hnlich deutlicher Kritik eines Familienvaters konfrontiert. Im Mittelpunkt standen die Situation deutscher Familien, fehlende Betreuungsangebote, steigende Belastungen und die Frage, ob die Politik die tats\u00e4chlichen Probleme von Eltern ausreichend ber\u00fccksichtigt. Der junge Familienvater, der in","inLanguage":"en-US","isPartOf":{"@id":"https:\/\/dailynewsfreshz.com\/#website"},"breadcrumb":{"@id":"https:\/\/dailynewsfreshz.com\/?p=1944#breadcrumblist"},"author":{"@id":"https:\/\/dailynewsfreshz.com\/?author=1#author"},"creator":{"@id":"https:\/\/dailynewsfreshz.com\/?author=1#author"},"datePublished":"2026-08-30T13:29:09+00:00","dateModified":"2026-08-30T13:29:09+00:00"},{"@type":"WebSite","@id":"https:\/\/dailynewsfreshz.com\/#website","url":"https:\/\/dailynewsfreshz.com\/","name":"\u041f. \u041a. \u042f\u0432\u043e\u0440\u043e\u0432","inLanguage":"en-US","publisher":{"@id":"https:\/\/dailynewsfreshz.com\/#organization"}}]},"og:locale":"en_US","og:site_name":"\u041f. \u041a. \u042f\u0432\u043e\u0440\u043e\u0432 -","og:type":"article","og:title":"\u201eSie haben keine Ahnung von unserem Alltag!\u201c \u2013 Emotionaler Schlagabtausch mit Friedrich Merz sorgt f\u00fcr Diskussionen - \u041f. \u041a. \u042f\u0432\u043e\u0440\u043e\u0432","og:description":"Ein emotionaler TV-Moment sorgt derzeit f\u00fcr Aufmerksamkeit: In einer am 28. August 2026 ausgestrahlten Diskussion wurde Bundeskanzler Friedrich Merz mit ungew\u00f6hnlich deutlicher Kritik eines Familienvaters konfrontiert. Im Mittelpunkt standen die Situation deutscher Familien, fehlende Betreuungsangebote, steigende Belastungen und die Frage, ob die Politik die tats\u00e4chlichen Probleme von Eltern ausreichend ber\u00fccksichtigt. Der junge Familienvater, der in","og:url":"https:\/\/dailynewsfreshz.com\/?p=1944","article:published_time":"2026-08-30T13:29:09+00:00","article:modified_time":"2026-08-30T13:29:09+00:00","twitter:card":"summary_large_image","twitter:title":"\u201eSie haben keine Ahnung von unserem Alltag!\u201c \u2013 Emotionaler Schlagabtausch mit Friedrich Merz sorgt f\u00fcr Diskussionen - \u041f. \u041a. \u042f\u0432\u043e\u0440\u043e\u0432","twitter:description":"Ein emotionaler TV-Moment sorgt derzeit f\u00fcr Aufmerksamkeit: In einer am 28. August 2026 ausgestrahlten Diskussion wurde Bundeskanzler Friedrich Merz mit ungew\u00f6hnlich deutlicher Kritik eines Familienvaters konfrontiert. Im Mittelpunkt standen die Situation deutscher Familien, fehlende Betreuungsangebote, steigende Belastungen und die Frage, ob die Politik die tats\u00e4chlichen Probleme von Eltern ausreichend ber\u00fccksichtigt. Der junge Familienvater, der in"},"aioseo_meta_data":{"post_id":"1944","title":null,"description":null,"keywords":null,"keyphrases":{"focus":{"keyphrase":"","score":0,"analysis":{"keyphraseInTitle":{"score":0,"maxScore":9,"error":1}}},"additional":[]},"primary_term":null,"canonical_url":null,"og_title":null,"og_description":null,"og_object_type":"default","og_image_type":"default","og_image_url":null,"og_image_width":null,"og_image_height":null,"og_image_custom_url":null,"og_image_custom_fields":null,"og_video":"","og_custom_url":null,"og_article_section":null,"og_article_tags":null,"twitter_use_og":false,"twitter_card":"default","twitter_image_type":"default","twitter_image_url":null,"twitter_image_custom_url":null,"twitter_image_custom_fields":null,"twitter_title":null,"twitter_description":null,"schema":{"blockGraphs":[],"customGraphs":[],"default":{"data":{"Article":[],"Course":[],"Dataset":[],"FAQPage":[],"Movie":[],"Person":[],"Product":[],"ProductReview":[],"Car":[],"Recipe":[],"Service":[],"SoftwareApplication":[],"WebPage":[]},"graphName":"BlogPosting","isEnabled":true},"graphs":[]},"schema_type":"default","schema_type_options":null,"pillar_content":false,"robots_default":true,"robots_noindex":false,"robots_noarchive":false,"robots_nosnippet":false,"robots_nofollow":false,"robots_noimageindex":false,"robots_noodp":false,"robots_notranslate":false,"robots_max_snippet":"-1","robots_max_videopreview":"-1","robots_max_imagepreview":"large","priority":null,"frequency":"default","local_seo":null,"breadcrumb_settings":null,"limit_modified_date":false,"ai":{"faqs":[],"keyPoints":[],"schemas":[],"titles":[],"descriptions":[],"socialPosts":{"email":{"subject":"","preview":"","content":""},"linkedin":[],"twitter":[],"facebook":[],"instagram":[]}},"created":"2026-08-30 13:29:10","updated":"2026-08-30 13:30:03","focus_keyword":null,"additional_keywords":null,"truseo_locale":null,"seo_analyzer_scan_date":null},"aioseo_breadcrumb":"<div class=\"aioseo-breadcrumbs\"><span class=\"aioseo-breadcrumb\">\n\t\t\t<a href=\"https:\/\/dailynewsfreshz.com\" title=\"Home\">Home<\/a>\n\t\t<\/span><span class=\"aioseo-breadcrumb-separator\">&raquo;<\/span><span class=\"aioseo-breadcrumb\">\n\t\t\t<a href=\"https:\/\/dailynewsfreshz.com\/?cat=1\" title=\"Uncategorized\">Uncategorized<\/a>\n\t\t<\/span><span class=\"aioseo-breadcrumb-separator\">&raquo;<\/span><span class=\"aioseo-breadcrumb\">\n\t\t\t\u201eSie haben keine Ahnung von unserem Alltag!\u201c \u2013 Emotionaler Schlagabtausch mit Friedrich Merz sorgt f\u00fcr Diskussionen\n\t\t<\/span><\/div>","aioseo_breadcrumb_json":[{"label":"Home","link":"https:\/\/dailynewsfreshz.com"},{"label":"Uncategorized","link":"https:\/\/dailynewsfreshz.com\/?cat=1"},{"label":"\u201eSie haben keine Ahnung von unserem Alltag!\u201c \u2013 Emotionaler Schlagabtausch mit Friedrich Merz sorgt f\u00fcr Diskussionen","link":"https:\/\/dailynewsfreshz.com\/?p=1944"}],"_links":{"self":[{"href":"https:\/\/dailynewsfreshz.com\/index.php?rest_route=\/wp\/v2\/posts\/1944","targetHints":{"allow":["GET"]}}],"collection":[{"href":"https:\/\/dailynewsfreshz.com\/index.php?rest_route=\/wp\/v2\/posts"}],"about":[{"href":"https:\/\/dailynewsfreshz.com\/index.php?rest_route=\/wp\/v2\/types\/post"}],"author":[{"embeddable":true,"href":"https:\/\/dailynewsfreshz.com\/index.php?rest_route=\/wp\/v2\/users\/1"}],"replies":[{"embeddable":true,"href":"https:\/\/dailynewsfreshz.com\/index.php?rest_route=%2Fwp%2Fv2%2Fcomments&post=1944"}],"version-history":[{"count":1,"href":"https:\/\/dailynewsfreshz.com\/index.php?rest_route=\/wp\/v2\/posts\/1944\/revisions"}],"predecessor-version":[{"id":1946,"href":"https:\/\/dailynewsfreshz.com\/index.php?rest_route=\/wp\/v2\/posts\/1944\/revisions\/1946"}],"wp:attachment":[{"href":"https:\/\/dailynewsfreshz.com\/index.php?rest_route=%2Fwp%2Fv2%2Fmedia&parent=1944"}],"wp:term":[{"taxonomy":"category","embeddable":true,"href":"https:\/\/dailynewsfreshz.com\/index.php?rest_route=%2Fwp%2Fv2%2Fcategories&post=1944"},{"taxonomy":"post_tag","embeddable":true,"href":"https:\/\/dailynewsfreshz.com\/index.php?rest_route=%2Fwp%2Fv2%2Ftags&post=1944"}],"curies":[{"name":"wp","href":"https:\/\/api.w.org\/{rel}","templated":true}]}}