{"id":1947,"date":"2026-08-30T13:35:26","date_gmt":"2026-08-30T13:35:26","guid":{"rendered":"https:\/\/dailynewsfreshz.com\/?p=1947"},"modified":"2026-08-30T13:35:26","modified_gmt":"2026-08-30T13:35:26","slug":"eklat-im-bundestag-alice-weidel-attackiert-friedrich-merz-und-stellt-die-regierungspolitik-infrage","status":"publish","type":"post","link":"https:\/\/dailynewsfreshz.com\/?p=1947","title":{"rendered":"Eklat im Bundestag: Alice Weidel attackiert Friedrich Merz und stellt die Regierungspolitik infrage"},"content":{"rendered":"<h1><img loading=\"lazy\" decoding=\"async\" class=\"alignnone size-full wp-image-1948\" src=\"https:\/\/dailynewsfreshz.com\/wp-content\/uploads\/2026\/08\/785993168_122276188094180454_7791528414676881677_n.jpg\" alt=\"\" width=\"1200\" height=\"1500\" srcset=\"https:\/\/dailynewsfreshz.com\/wp-content\/uploads\/2026\/08\/785993168_122276188094180454_7791528414676881677_n.jpg 1200w, https:\/\/dailynewsfreshz.com\/wp-content\/uploads\/2026\/08\/785993168_122276188094180454_7791528414676881677_n-240x300.jpg 240w, https:\/\/dailynewsfreshz.com\/wp-content\/uploads\/2026\/08\/785993168_122276188094180454_7791528414676881677_n-819x1024.jpg 819w, https:\/\/dailynewsfreshz.com\/wp-content\/uploads\/2026\/08\/785993168_122276188094180454_7791528414676881677_n-768x960.jpg 768w\" sizes=\"auto, (max-width: 1200px) 100vw, 1200px\" \/><\/h1>\n<p>Berlin \u2013 Eine kontroverse Debatte im Deutschen Bundestag hat im M\u00e4rz 2026 erneut die tiefen politischen Gegens\u00e4tze in Deutschland sichtbar gemacht. Im Mittelpunkt standen die Regierungserkl\u00e4rung von Bundeskanzler Friedrich Merz (CDU), die wirtschaftliche Lage Deutschlands, steigende Energiepreise, der Krieg im Nahen Osten sowie die weitere Unterst\u00fctzung der Ukraine.<\/p>\n<p>Besonders scharf fiel die Reaktion der AfD aus. Alice Weidel stellte die Politik der Bundesregierung grunds\u00e4tzlich infrage und zeichnete ein \u00e4u\u00dferst kritisches Bild der wirtschaftlichen und energiepolitischen Situation Deutschlands.<\/p>\n<h2>Weidel sieht Deutschland vor gro\u00dfen Problemen<\/h2>\n<p>In ihrer Argumentation r\u00fcckte Weidel vor allem die hohen Energie- und Kraftstoffpreise in den Mittelpunkt. Sie machte die Energiepolitik der vergangenen Jahre f\u00fcr einen erheblichen Teil der aktuellen Belastungen verantwortlich.<\/p>\n<p>Dabei kritisierte sie insbesondere den Ausstieg aus der Kernenergie sowie die klimapolitischen Vorgaben der Bundesregierung. Aus ihrer Sicht habe Deutschland dadurch einen Teil seiner fr\u00fcheren M\u00f6glichkeiten f\u00fcr eine sichere und g\u00fcnstige Energieversorgung aufgegeben.<\/p>\n<p>Die AfD-Fraktionschefin forderte deshalb eine deutliche Entlastung bei Steuern und Abgaben auf Energie und Kraftstoffe. Besonders die CO\u2082-Abgabe steht dabei im Zentrum der Kritik.<\/p>\n<h2>Streit \u00fcber Energie und Gasversorgung<\/h2>\n<p>Ein weiterer Schwerpunkt der Debatte war die deutsche Energieversorgung.<\/p>\n<p>Weidel kritisierte die Abkehr von russischen Gas- und \u00d6llieferungen und verwies auf die zunehmende Bedeutung von Fl\u00fcssiggas. Ihrer Darstellung zufolge mache sich Deutschland dadurch st\u00e4rker von internationalen Entwicklungen und unsicheren Transportwegen abh\u00e4ngig.<\/p>\n<p>Auch die geplante Rolle von Gaskraftwerken wurde von ihr infrage gestellt. Die Bundesregierung m\u00fcsse nach Ansicht der AfD st\u00e4rker darauf achten, dass Energie f\u00fcr Haushalte und Unternehmen zuverl\u00e4ssig und bezahlbar bleibe.<\/p>\n<p>Der Energie-Streit ist dabei nicht nur eine politische Auseinandersetzung. Hohe Energiepreise gelten weiterhin als wichtiger Faktor f\u00fcr die Wettbewerbsf\u00e4higkeit deutscher Unternehmen und die finanzielle Belastung vieler Haushalte.<\/p>\n<h2>Harte Kritik an der Wirtschaftspolitik<\/h2>\n<p>Auch wirtschaftspolitisch griff Weidel die Bundesregierung frontal an.<\/p>\n<p>Sie warf Friedrich Merz vor, die Probleme des deutschen Mittelstands nicht ausreichend zu l\u00f6sen. Nach ihrer Darstellung w\u00fcrden Unternehmen durch hohe Kosten, Steuern und b\u00fcrokratische Belastungen zunehmend unter Druck geraten.<\/p>\n<p>Besonders die Lage gro\u00dfer deutscher Industriekonzerne wurde als Beispiel f\u00fcr die wirtschaftlichen Schwierigkeiten angef\u00fchrt.<\/p>\n<p>Die Bundesregierung wiederum betont, Deutschland wirtschaftlich wieder auf Wachstumskurs bringen zu wollen. Merz hat zuletzt Reformen, Investitionen und eine Verbesserung der Wettbewerbsf\u00e4higkeit als zentrale Ziele seiner Regierung hervorgehoben.<\/p>\n<h2>Auch die Ukraine-Politik sorgt f\u00fcr Streit<\/h2>\n<p>Neben Energie und Wirtschaft wurde auch die deutsche Ukraine-Politik zum Streitpunkt.<\/p>\n<p>Weidel kritisierte die umfangreiche Unterst\u00fctzung Deutschlands f\u00fcr die Ukraine und forderte eine grunds\u00e4tzliche Neubewertung der bisherigen Strategie. Sie sprach sich daf\u00fcr aus, st\u00e4rker die deutschen Interessen in den Mittelpunkt zu stellen und diplomatische M\u00f6glichkeiten gegen\u00fcber Russland zu pr\u00fcfen.<\/p>\n<p>Die Position steht damit deutlich im Gegensatz zur Linie der Bundesregierung.<\/p>\n<p>Bei seiner Regierungserkl\u00e4rung im Bundestag betonte Merz dagegen die Bedeutung der Zusammenarbeit zwischen Europa und den USA und sprach sich f\u00fcr weiteren Druck auf Russland aus. Gleichzeitig stellte die Bundesregierung die St\u00e4rkung Europas und seiner wirtschaftlichen Wettbewerbsf\u00e4higkeit in den Mittelpunkt.<\/p>\n<h2>Merz setzt auf europ\u00e4ische Geschlossenheit<\/h2>\n<p>Friedrich Merz verteidigte in seiner Regierungserkl\u00e4rung die europ\u00e4ische Zusammenarbeit. Im Zusammenhang mit dem Krieg im Nahen Osten erkl\u00e4rte er, Deutschland werde sich nicht an einer milit\u00e4rischen Sicherung der Schifffahrt in der Stra\u00dfe von Hormus beteiligen, und verwies auf fehlende internationale Mandate f\u00fcr eine solche Operation.<\/p>\n<p>Gleichzeitig forderte der Kanzler ein selbstbewussteres und geschlosseneres Auftreten Europas.<\/p>\n<p>Auch die wirtschaftliche St\u00e4rke der Europ\u00e4ischen Union spielte eine zentrale Rolle. Merz k\u00fcndigte an, sich unter anderem f\u00fcr weniger B\u00fcrokratie, einen st\u00e4rkeren Binnenmarkt und bessere Bedingungen f\u00fcr Unternehmen einzusetzen.<\/p>\n<h2>Die politische Auseinandersetzung wird sch\u00e4rfer<\/h2>\n<p>Die Debatte zeigt, wie weit die Positionen zwischen der Bundesregierung und der AfD auseinanderliegen.<\/p>\n<p>W\u00e4hrend die Regierung auf europ\u00e4ische Zusammenarbeit, wirtschaftliche Reformen und Unterst\u00fctzung der Ukraine setzt, fordert die AfD einen grundlegenden Kurswechsel \u2013 insbesondere bei Energie, Migration, Wirtschaft und Au\u00dfenpolitik.<\/p>\n<p>Damit d\u00fcrfte die politische Auseinandersetzung in Deutschland weiter an Sch\u00e4rfe gewinnen. Die aktuellen Umfragen zeigen zudem, dass die AfD inzwischen eine bedeutende politische Kraft ist. Reuters berichtete zuletzt von einer starken AfD-Position in den Umfragen und einem deutlichen Vorsprung der Partei in Sachsen-Anhalt vor der dortigen Landtagswahl.<\/p>\n<p>Die Bundestagsdebatte macht damit vor allem eines deutlich: <strong>Die Konfliktlinien in der deutschen Politik verlaufen nicht nur zwischen Regierung und Opposition, sondern zunehmend auch bei der grunds\u00e4tzlichen Frage, welchen wirtschaftlichen, energiepolitischen und au\u00dfenpolitischen Kurs Deutschland k\u00fcnftig einschlagen soll.<\/strong><\/p>\n","protected":false},"excerpt":{"rendered":"<p>Berlin \u2013 Eine kontroverse Debatte im Deutschen Bundestag hat im M\u00e4rz 2026 erneut die tiefen politischen Gegens\u00e4tze in Deutschland sichtbar gemacht. Im Mittelpunkt standen die &hellip; <\/p>\n","protected":false},"author":1,"featured_media":0,"comment_status":"open","ping_status":"open","sticky":false,"template":"","format":"standard","meta":{"footnotes":""},"categories":[1],"tags":[],"class_list":["post-1947","post","type-post","status-publish","format-standard","hentry","category-uncategorized"],"aioseo_notices":[],"aioseo_head":"\n\t\t<!-- All in One SEO 5.0.0.1 - aioseo.com -->\n\t<meta name=\"description\" content=\"Berlin \u2013 Eine kontroverse Debatte im Deutschen Bundestag hat im M\u00e4rz 2026 erneut die tiefen politischen Gegens\u00e4tze in Deutschland sichtbar gemacht. Im Mittelpunkt standen die Regierungserkl\u00e4rung von Bundeskanzler Friedrich Merz (CDU), die wirtschaftliche Lage Deutschlands, steigende Energiepreise, der Krieg im Nahen Osten sowie die weitere Unterst\u00fctzung der Ukraine. Besonders scharf fiel die Reaktion der AfD\" \/>\n\t<meta name=\"robots\" content=\"max-image-preview:large\" \/>\n\t<meta name=\"author\" content=\"anhadmin\"\/>\n\t<link rel=\"canonical\" href=\"https:\/\/dailynewsfreshz.com\/?p=1947\" \/>\n\t<meta name=\"generator\" content=\"All in One SEO (AIOSEO) 5.0.0.1\" \/>\n\t\t<meta property=\"og:locale\" content=\"en_US\" \/>\n\t\t<meta property=\"og:site_name\" content=\"\u041f. \u041a. \u042f\u0432\u043e\u0440\u043e\u0432 -\" \/>\n\t\t<meta property=\"og:type\" content=\"article\" \/>\n\t\t<meta property=\"og:title\" content=\"Eklat im Bundestag: Alice Weidel attackiert Friedrich Merz und stellt die Regierungspolitik infrage - \u041f. \u041a. \u042f\u0432\u043e\u0440\u043e\u0432\" \/>\n\t\t<meta property=\"og:description\" content=\"Berlin \u2013 Eine kontroverse Debatte im Deutschen Bundestag hat im M\u00e4rz 2026 erneut die tiefen politischen Gegens\u00e4tze in Deutschland sichtbar gemacht. Im Mittelpunkt standen die Regierungserkl\u00e4rung von Bundeskanzler Friedrich Merz (CDU), die wirtschaftliche Lage Deutschlands, steigende Energiepreise, der Krieg im Nahen Osten sowie die weitere Unterst\u00fctzung der Ukraine. Besonders scharf fiel die Reaktion der AfD\" \/>\n\t\t<meta property=\"og:url\" content=\"https:\/\/dailynewsfreshz.com\/?p=1947\" \/>\n\t\t<meta property=\"article:published_time\" content=\"2026-08-30T13:35:26+00:00\" \/>\n\t\t<meta property=\"article:modified_time\" content=\"2026-08-30T13:35:26+00:00\" \/>\n\t\t<meta name=\"twitter:card\" content=\"summary_large_image\" \/>\n\t\t<meta name=\"twitter:title\" content=\"Eklat im Bundestag: Alice Weidel attackiert Friedrich Merz und stellt die Regierungspolitik infrage - \u041f. \u041a. \u042f\u0432\u043e\u0440\u043e\u0432\" \/>\n\t\t<meta name=\"twitter:description\" content=\"Berlin \u2013 Eine kontroverse Debatte im Deutschen Bundestag hat im M\u00e4rz 2026 erneut die tiefen politischen Gegens\u00e4tze in Deutschland sichtbar gemacht. Im Mittelpunkt standen die Regierungserkl\u00e4rung von Bundeskanzler Friedrich Merz (CDU), die wirtschaftliche Lage Deutschlands, steigende Energiepreise, der Krieg im Nahen Osten sowie die weitere Unterst\u00fctzung der Ukraine. Besonders scharf fiel die Reaktion der AfD\" \/>\n\t\t<script type=\"application\/ld+json\" class=\"aioseo-schema\">\n\t\t\t{\"@context\":\"https:\\\/\\\/schema.org\",\"@graph\":[{\"@type\":\"BlogPosting\",\"@id\":\"https:\\\/\\\/dailynewsfreshz.com\\\/?p=1947#blogposting\",\"name\":\"Eklat im Bundestag: Alice Weidel attackiert Friedrich Merz und stellt die Regierungspolitik infrage - \\u041f. \\u041a. \\u042f\\u0432\\u043e\\u0440\\u043e\\u0432\",\"headline\":\"Eklat im Bundestag: Alice Weidel attackiert Friedrich Merz und stellt die Regierungspolitik infrage\",\"author\":{\"@id\":\"https:\\\/\\\/dailynewsfreshz.com\\\/?author=1#author\"},\"publisher\":{\"@id\":\"https:\\\/\\\/dailynewsfreshz.com\\\/#organization\"},\"image\":{\"@type\":\"ImageObject\",\"url\":\"https:\\\/\\\/dailynewsfreshz.com\\\/wp-content\\\/uploads\\\/2026\\\/08\\\/785993168_122276188094180454_7791528414676881677_n.jpg\",\"@id\":\"https:\\\/\\\/dailynewsfreshz.com\\\/?p=1947\\\/#articleImage\",\"width\":1200,\"height\":1500},\"datePublished\":\"2026-08-30T13:35:26+00:00\",\"dateModified\":\"2026-08-30T13:35:26+00:00\",\"inLanguage\":\"en-US\",\"mainEntityOfPage\":{\"@id\":\"https:\\\/\\\/dailynewsfreshz.com\\\/?p=1947#webpage\"},\"isPartOf\":{\"@id\":\"https:\\\/\\\/dailynewsfreshz.com\\\/?p=1947#webpage\"},\"articleSection\":\"Uncategorized\"},{\"@type\":\"BreadcrumbList\",\"@id\":\"https:\\\/\\\/dailynewsfreshz.com\\\/?p=1947#breadcrumblist\",\"itemListElement\":[{\"@type\":\"ListItem\",\"@id\":\"https:\\\/\\\/dailynewsfreshz.com#listItem\",\"position\":1,\"name\":\"Home\",\"item\":\"https:\\\/\\\/dailynewsfreshz.com\",\"nextItem\":{\"@type\":\"ListItem\",\"@id\":\"https:\\\/\\\/dailynewsfreshz.com\\\/?cat=1#listItem\",\"name\":\"Uncategorized\"}},{\"@type\":\"ListItem\",\"@id\":\"https:\\\/\\\/dailynewsfreshz.com\\\/?cat=1#listItem\",\"position\":2,\"name\":\"Uncategorized\",\"item\":\"https:\\\/\\\/dailynewsfreshz.com\\\/?cat=1\",\"nextItem\":{\"@type\":\"ListItem\",\"@id\":\"https:\\\/\\\/dailynewsfreshz.com\\\/?p=1947#listItem\",\"name\":\"Eklat im Bundestag: Alice Weidel attackiert Friedrich Merz und stellt die Regierungspolitik infrage\"},\"previousItem\":{\"@type\":\"ListItem\",\"@id\":\"https:\\\/\\\/dailynewsfreshz.com#listItem\",\"name\":\"Home\"}},{\"@type\":\"ListItem\",\"@id\":\"https:\\\/\\\/dailynewsfreshz.com\\\/?p=1947#listItem\",\"position\":3,\"name\":\"Eklat im Bundestag: Alice Weidel attackiert Friedrich Merz und stellt die Regierungspolitik infrage\",\"previousItem\":{\"@type\":\"ListItem\",\"@id\":\"https:\\\/\\\/dailynewsfreshz.com\\\/?cat=1#listItem\",\"name\":\"Uncategorized\"}}]},{\"@type\":\"Organization\",\"@id\":\"https:\\\/\\\/dailynewsfreshz.com\\\/#organization\",\"name\":\"\\u041f. \\u041a. \\u042f\\u0432\\u043e\\u0440\\u043e\\u0432\",\"url\":\"https:\\\/\\\/dailynewsfreshz.com\\\/\"},{\"@type\":\"Person\",\"@id\":\"https:\\\/\\\/dailynewsfreshz.com\\\/?author=1#author\",\"url\":\"https:\\\/\\\/dailynewsfreshz.com\\\/?author=1\",\"name\":\"anhadmin\",\"image\":{\"@type\":\"ImageObject\",\"@id\":\"https:\\\/\\\/dailynewsfreshz.com\\\/?p=1947#authorImage\",\"url\":\"https:\\\/\\\/secure.gravatar.com\\\/avatar\\\/22be87b468f997ebfe839db21c763eafd9d869ab5e04973d7684c241e5d475a3?s=96&d=mm&r=g\",\"width\":96,\"height\":96,\"caption\":\"anhadmin\"}},{\"@type\":\"WebPage\",\"@id\":\"https:\\\/\\\/dailynewsfreshz.com\\\/?p=1947#webpage\",\"url\":\"https:\\\/\\\/dailynewsfreshz.com\\\/?p=1947\",\"name\":\"Eklat im Bundestag: Alice Weidel attackiert Friedrich Merz und stellt die Regierungspolitik infrage - \\u041f. \\u041a. \\u042f\\u0432\\u043e\\u0440\\u043e\\u0432\",\"description\":\"Berlin \\u2013 Eine kontroverse Debatte im Deutschen Bundestag hat im M\\u00e4rz 2026 erneut die tiefen politischen Gegens\\u00e4tze in Deutschland sichtbar gemacht. Im Mittelpunkt standen die Regierungserkl\\u00e4rung von Bundeskanzler Friedrich Merz (CDU), die wirtschaftliche Lage Deutschlands, steigende Energiepreise, der Krieg im Nahen Osten sowie die weitere Unterst\\u00fctzung der Ukraine. Besonders scharf fiel die Reaktion der AfD\",\"inLanguage\":\"en-US\",\"isPartOf\":{\"@id\":\"https:\\\/\\\/dailynewsfreshz.com\\\/#website\"},\"breadcrumb\":{\"@id\":\"https:\\\/\\\/dailynewsfreshz.com\\\/?p=1947#breadcrumblist\"},\"author\":{\"@id\":\"https:\\\/\\\/dailynewsfreshz.com\\\/?author=1#author\"},\"creator\":{\"@id\":\"https:\\\/\\\/dailynewsfreshz.com\\\/?author=1#author\"},\"datePublished\":\"2026-08-30T13:35:26+00:00\",\"dateModified\":\"2026-08-30T13:35:26+00:00\"},{\"@type\":\"WebSite\",\"@id\":\"https:\\\/\\\/dailynewsfreshz.com\\\/#website\",\"url\":\"https:\\\/\\\/dailynewsfreshz.com\\\/\",\"name\":\"\\u041f. \\u041a. \\u042f\\u0432\\u043e\\u0440\\u043e\\u0432\",\"inLanguage\":\"en-US\",\"publisher\":{\"@id\":\"https:\\\/\\\/dailynewsfreshz.com\\\/#organization\"}}]}\n\t\t<\/script>\n\t\t<!-- All in One SEO -->\n\n","aioseo_head_json":{"title":"Eklat im Bundestag: Alice Weidel attackiert Friedrich Merz und stellt die Regierungspolitik infrage - \u041f. \u041a. \u042f\u0432\u043e\u0440\u043e\u0432","description":"Berlin \u2013 Eine kontroverse Debatte im Deutschen Bundestag hat im M\u00e4rz 2026 erneut die tiefen politischen Gegens\u00e4tze in Deutschland sichtbar gemacht. Im Mittelpunkt standen die Regierungserkl\u00e4rung von Bundeskanzler Friedrich Merz (CDU), die wirtschaftliche Lage Deutschlands, steigende Energiepreise, der Krieg im Nahen Osten sowie die weitere Unterst\u00fctzung der Ukraine. Besonders scharf fiel die Reaktion der AfD","canonical_url":"https:\/\/dailynewsfreshz.com\/?p=1947","robots":"max-image-preview:large","keywords":"","webmasterTools":{"miscellaneous":""},"schema":{"@context":"https:\/\/schema.org","@graph":[{"@type":"BlogPosting","@id":"https:\/\/dailynewsfreshz.com\/?p=1947#blogposting","name":"Eklat im Bundestag: Alice Weidel attackiert Friedrich Merz und stellt die Regierungspolitik infrage - \u041f. \u041a. \u042f\u0432\u043e\u0440\u043e\u0432","headline":"Eklat im Bundestag: Alice Weidel attackiert Friedrich Merz und stellt die Regierungspolitik infrage","author":{"@id":"https:\/\/dailynewsfreshz.com\/?author=1#author"},"publisher":{"@id":"https:\/\/dailynewsfreshz.com\/#organization"},"image":{"@type":"ImageObject","url":"https:\/\/dailynewsfreshz.com\/wp-content\/uploads\/2026\/08\/785993168_122276188094180454_7791528414676881677_n.jpg","@id":"https:\/\/dailynewsfreshz.com\/?p=1947\/#articleImage","width":1200,"height":1500},"datePublished":"2026-08-30T13:35:26+00:00","dateModified":"2026-08-30T13:35:26+00:00","inLanguage":"en-US","mainEntityOfPage":{"@id":"https:\/\/dailynewsfreshz.com\/?p=1947#webpage"},"isPartOf":{"@id":"https:\/\/dailynewsfreshz.com\/?p=1947#webpage"},"articleSection":"Uncategorized"},{"@type":"BreadcrumbList","@id":"https:\/\/dailynewsfreshz.com\/?p=1947#breadcrumblist","itemListElement":[{"@type":"ListItem","@id":"https:\/\/dailynewsfreshz.com#listItem","position":1,"name":"Home","item":"https:\/\/dailynewsfreshz.com","nextItem":{"@type":"ListItem","@id":"https:\/\/dailynewsfreshz.com\/?cat=1#listItem","name":"Uncategorized"}},{"@type":"ListItem","@id":"https:\/\/dailynewsfreshz.com\/?cat=1#listItem","position":2,"name":"Uncategorized","item":"https:\/\/dailynewsfreshz.com\/?cat=1","nextItem":{"@type":"ListItem","@id":"https:\/\/dailynewsfreshz.com\/?p=1947#listItem","name":"Eklat im Bundestag: Alice Weidel attackiert Friedrich Merz und stellt die Regierungspolitik infrage"},"previousItem":{"@type":"ListItem","@id":"https:\/\/dailynewsfreshz.com#listItem","name":"Home"}},{"@type":"ListItem","@id":"https:\/\/dailynewsfreshz.com\/?p=1947#listItem","position":3,"name":"Eklat im Bundestag: Alice Weidel attackiert Friedrich Merz und stellt die Regierungspolitik infrage","previousItem":{"@type":"ListItem","@id":"https:\/\/dailynewsfreshz.com\/?cat=1#listItem","name":"Uncategorized"}}]},{"@type":"Organization","@id":"https:\/\/dailynewsfreshz.com\/#organization","name":"\u041f. \u041a. \u042f\u0432\u043e\u0440\u043e\u0432","url":"https:\/\/dailynewsfreshz.com\/"},{"@type":"Person","@id":"https:\/\/dailynewsfreshz.com\/?author=1#author","url":"https:\/\/dailynewsfreshz.com\/?author=1","name":"anhadmin","image":{"@type":"ImageObject","@id":"https:\/\/dailynewsfreshz.com\/?p=1947#authorImage","url":"https:\/\/secure.gravatar.com\/avatar\/22be87b468f997ebfe839db21c763eafd9d869ab5e04973d7684c241e5d475a3?s=96&d=mm&r=g","width":96,"height":96,"caption":"anhadmin"}},{"@type":"WebPage","@id":"https:\/\/dailynewsfreshz.com\/?p=1947#webpage","url":"https:\/\/dailynewsfreshz.com\/?p=1947","name":"Eklat im Bundestag: Alice Weidel attackiert Friedrich Merz und stellt die Regierungspolitik infrage - \u041f. \u041a. \u042f\u0432\u043e\u0440\u043e\u0432","description":"Berlin \u2013 Eine kontroverse Debatte im Deutschen Bundestag hat im M\u00e4rz 2026 erneut die tiefen politischen Gegens\u00e4tze in Deutschland sichtbar gemacht. Im Mittelpunkt standen die Regierungserkl\u00e4rung von Bundeskanzler Friedrich Merz (CDU), die wirtschaftliche Lage Deutschlands, steigende Energiepreise, der Krieg im Nahen Osten sowie die weitere Unterst\u00fctzung der Ukraine. Besonders scharf fiel die Reaktion der AfD","inLanguage":"en-US","isPartOf":{"@id":"https:\/\/dailynewsfreshz.com\/#website"},"breadcrumb":{"@id":"https:\/\/dailynewsfreshz.com\/?p=1947#breadcrumblist"},"author":{"@id":"https:\/\/dailynewsfreshz.com\/?author=1#author"},"creator":{"@id":"https:\/\/dailynewsfreshz.com\/?author=1#author"},"datePublished":"2026-08-30T13:35:26+00:00","dateModified":"2026-08-30T13:35:26+00:00"},{"@type":"WebSite","@id":"https:\/\/dailynewsfreshz.com\/#website","url":"https:\/\/dailynewsfreshz.com\/","name":"\u041f. \u041a. \u042f\u0432\u043e\u0440\u043e\u0432","inLanguage":"en-US","publisher":{"@id":"https:\/\/dailynewsfreshz.com\/#organization"}}]},"og:locale":"en_US","og:site_name":"\u041f. \u041a. \u042f\u0432\u043e\u0440\u043e\u0432 -","og:type":"article","og:title":"Eklat im Bundestag: Alice Weidel attackiert Friedrich Merz und stellt die Regierungspolitik infrage - \u041f. \u041a. \u042f\u0432\u043e\u0440\u043e\u0432","og:description":"Berlin \u2013 Eine kontroverse Debatte im Deutschen Bundestag hat im M\u00e4rz 2026 erneut die tiefen politischen Gegens\u00e4tze in Deutschland sichtbar gemacht. Im Mittelpunkt standen die Regierungserkl\u00e4rung von Bundeskanzler Friedrich Merz (CDU), die wirtschaftliche Lage Deutschlands, steigende Energiepreise, der Krieg im Nahen Osten sowie die weitere Unterst\u00fctzung der Ukraine. Besonders scharf fiel die Reaktion der AfD","og:url":"https:\/\/dailynewsfreshz.com\/?p=1947","article:published_time":"2026-08-30T13:35:26+00:00","article:modified_time":"2026-08-30T13:35:26+00:00","twitter:card":"summary_large_image","twitter:title":"Eklat im Bundestag: Alice Weidel attackiert Friedrich Merz und stellt die Regierungspolitik infrage - \u041f. \u041a. \u042f\u0432\u043e\u0440\u043e\u0432","twitter:description":"Berlin \u2013 Eine kontroverse Debatte im Deutschen Bundestag hat im M\u00e4rz 2026 erneut die tiefen politischen Gegens\u00e4tze in Deutschland sichtbar gemacht. Im Mittelpunkt standen die Regierungserkl\u00e4rung von Bundeskanzler Friedrich Merz (CDU), die wirtschaftliche Lage Deutschlands, steigende Energiepreise, der Krieg im Nahen Osten sowie die weitere Unterst\u00fctzung der Ukraine. Besonders scharf fiel die Reaktion der AfD"},"aioseo_meta_data":{"post_id":"1947","title":null,"description":null,"keywords":null,"keyphrases":{"focus":{"keyphrase":"","score":0,"analysis":{"keyphraseInTitle":{"score":0,"maxScore":9,"error":1}}},"additional":[]},"primary_term":null,"canonical_url":null,"og_title":null,"og_description":null,"og_object_type":"default","og_image_type":"default","og_image_url":null,"og_image_width":null,"og_image_height":null,"og_image_custom_url":null,"og_image_custom_fields":null,"og_video":"","og_custom_url":null,"og_article_section":null,"og_article_tags":null,"twitter_use_og":false,"twitter_card":"default","twitter_image_type":"default","twitter_image_url":null,"twitter_image_custom_url":null,"twitter_image_custom_fields":null,"twitter_title":null,"twitter_description":null,"schema":{"blockGraphs":[],"customGraphs":[],"default":{"data":{"Article":[],"Course":[],"Dataset":[],"FAQPage":[],"Movie":[],"Person":[],"Product":[],"ProductReview":[],"Car":[],"Recipe":[],"Service":[],"SoftwareApplication":[],"WebPage":[]},"graphName":"BlogPosting","isEnabled":true},"graphs":[]},"schema_type":"default","schema_type_options":null,"pillar_content":false,"robots_default":true,"robots_noindex":false,"robots_noarchive":false,"robots_nosnippet":false,"robots_nofollow":false,"robots_noimageindex":false,"robots_noodp":false,"robots_notranslate":false,"robots_max_snippet":"-1","robots_max_videopreview":"-1","robots_max_imagepreview":"large","priority":null,"frequency":"default","local_seo":null,"breadcrumb_settings":null,"limit_modified_date":false,"ai":{"faqs":[],"keyPoints":[],"schemas":[],"titles":[],"descriptions":[],"socialPosts":{"email":{"subject":"","preview":"","content":""},"linkedin":[],"twitter":[],"facebook":[],"instagram":[]}},"created":"2026-08-30 13:35:26","updated":"2026-08-31 03:23:05","focus_keyword":null,"additional_keywords":null,"truseo_locale":null,"seo_analyzer_scan_date":null},"aioseo_breadcrumb":"<div class=\"aioseo-breadcrumbs\"><span class=\"aioseo-breadcrumb\">\n\t\t\t<a href=\"https:\/\/dailynewsfreshz.com\" title=\"Home\">Home<\/a>\n\t\t<\/span><span class=\"aioseo-breadcrumb-separator\">&raquo;<\/span><span class=\"aioseo-breadcrumb\">\n\t\t\t<a href=\"https:\/\/dailynewsfreshz.com\/?cat=1\" title=\"Uncategorized\">Uncategorized<\/a>\n\t\t<\/span><span class=\"aioseo-breadcrumb-separator\">&raquo;<\/span><span class=\"aioseo-breadcrumb\">\n\t\t\tEklat im Bundestag: Alice Weidel attackiert Friedrich Merz und stellt die Regierungspolitik infrage\n\t\t<\/span><\/div>","aioseo_breadcrumb_json":[{"label":"Home","link":"https:\/\/dailynewsfreshz.com"},{"label":"Uncategorized","link":"https:\/\/dailynewsfreshz.com\/?cat=1"},{"label":"Eklat im Bundestag: Alice Weidel attackiert Friedrich Merz und stellt die Regierungspolitik infrage","link":"https:\/\/dailynewsfreshz.com\/?p=1947"}],"_links":{"self":[{"href":"https:\/\/dailynewsfreshz.com\/index.php?rest_route=\/wp\/v2\/posts\/1947","targetHints":{"allow":["GET"]}}],"collection":[{"href":"https:\/\/dailynewsfreshz.com\/index.php?rest_route=\/wp\/v2\/posts"}],"about":[{"href":"https:\/\/dailynewsfreshz.com\/index.php?rest_route=\/wp\/v2\/types\/post"}],"author":[{"embeddable":true,"href":"https:\/\/dailynewsfreshz.com\/index.php?rest_route=\/wp\/v2\/users\/1"}],"replies":[{"embeddable":true,"href":"https:\/\/dailynewsfreshz.com\/index.php?rest_route=%2Fwp%2Fv2%2Fcomments&post=1947"}],"version-history":[{"count":1,"href":"https:\/\/dailynewsfreshz.com\/index.php?rest_route=\/wp\/v2\/posts\/1947\/revisions"}],"predecessor-version":[{"id":1949,"href":"https:\/\/dailynewsfreshz.com\/index.php?rest_route=\/wp\/v2\/posts\/1947\/revisions\/1949"}],"wp:attachment":[{"href":"https:\/\/dailynewsfreshz.com\/index.php?rest_route=%2Fwp%2Fv2%2Fmedia&parent=1947"}],"wp:term":[{"taxonomy":"category","embeddable":true,"href":"https:\/\/dailynewsfreshz.com\/index.php?rest_route=%2Fwp%2Fv2%2Fcategories&post=1947"},{"taxonomy":"post_tag","embeddable":true,"href":"https:\/\/dailynewsfreshz.com\/index.php?rest_route=%2Fwp%2Fv2%2Ftags&post=1947"}],"curies":[{"name":"wp","href":"https:\/\/api.w.org\/{rel}","templated":true}]}}