{"id":1956,"date":"2026-08-31T11:03:00","date_gmt":"2026-08-31T11:03:00","guid":{"rendered":"https:\/\/dailynewsfreshz.com\/?p=1956"},"modified":"2026-08-31T11:03:00","modified_gmt":"2026-08-31T11:03:00","slug":"maasen-erhebt-schwere-vorwurfe-neue-debatte-uber-den-umgang-mit-extremismus-in-deutschland","status":"publish","type":"post","link":"https:\/\/dailynewsfreshz.com\/?p=1956","title":{"rendered":"Maa\u00dfen erhebt schwere Vorw\u00fcrfe: Neue Debatte \u00fcber den Umgang mit Extremismus in Deutschland"},"content":{"rendered":"<p><img loading=\"lazy\" decoding=\"async\" class=\"alignnone size-full wp-image-1957\" src=\"https:\/\/dailynewsfreshz.com\/wp-content\/uploads\/2026\/08\/785151354_1541408804673261_1592030607017159037_n.jpg\" alt=\"\" width=\"1080\" height=\"1350\" srcset=\"https:\/\/dailynewsfreshz.com\/wp-content\/uploads\/2026\/08\/785151354_1541408804673261_1592030607017159037_n.jpg 1080w, https:\/\/dailynewsfreshz.com\/wp-content\/uploads\/2026\/08\/785151354_1541408804673261_1592030607017159037_n-240x300.jpg 240w, https:\/\/dailynewsfreshz.com\/wp-content\/uploads\/2026\/08\/785151354_1541408804673261_1592030607017159037_n-819x1024.jpg 819w, https:\/\/dailynewsfreshz.com\/wp-content\/uploads\/2026\/08\/785151354_1541408804673261_1592030607017159037_n-768x960.jpg 768w\" sizes=\"auto, (max-width: 1080px) 100vw, 1080px\" \/><\/p>\n<p><strong>Berlin \u2013<\/strong> Hans-Georg Maa\u00dfen sorgt erneut f\u00fcr politische Diskussionen. Der ehemalige Pr\u00e4sident des Bundesamtes f\u00fcr Verfassungsschutz kritisiert den Umgang der deutschen Sicherheitsbeh\u00f6rden mit unterschiedlichen Formen des Extremismus und stellt dabei insbesondere die Beobachtung linksextremistischer Strukturen infrage.<\/p>\n<p>Im Mittelpunkt seiner Aussagen stehen Angaben \u00fcber die personelle Ausstattung der Extremismusbek\u00e4mpfung. Maa\u00dfen beruft sich dabei auf Informationen aus einem vertraulichen Gespr\u00e4ch mit einem weiterhin aktiven Mitarbeiter einer Landesbeh\u00f6rde. Die genannten Zahlen sind nach dieser Darstellung keine bundesweit erhobene offizielle Statistik, sondern geben zun\u00e4chst die Perspektive einer einzelnen Beh\u00f6rde wieder.<\/p>\n<h2>Maa\u00dfen spricht von einem auff\u00e4lligen Ungleichgewicht<\/h2>\n<p>Nach Maa\u00dfens Darstellung habe sich das Verh\u00e4ltnis der Mitarbeiter, die sich mit Rechts- und Linksextremismus besch\u00e4ftigen, in den vergangenen Jahren deutlich ver\u00e4ndert.<\/p>\n<p>W\u00e4hrend seiner Zeit an der Spitze des Bundesamtes f\u00fcr Verfassungsschutz von 2012 bis 2018 habe es in der von ihm angesprochenen Beh\u00f6rde demnach vier Mitarbeiter zur Beobachtung des Rechtsextremismus und einen Mitarbeiter f\u00fcr den Linksextremismus gegeben.<\/p>\n<p>Heute soll das Verh\u00e4ltnis nach der von Maa\u00dfen wiedergegebenen Information bei zw\u00f6lf zu eins liegen.<\/p>\n<p>Maa\u00dfen interpretiert diese Entwicklung als Hinweis darauf, dass linksextremistische Gefahren aus seiner Sicht nicht ausreichend ber\u00fccksichtigt w\u00fcrden. Gleichzeitig betont die vorliegende Darstellung selbst, dass es sich bei diesen Zahlen nicht um eine offizielle bundesweite Statistik handelt.<\/p>\n<h2>Der Begriff \u201elegalistischer Linksextremismus\u201c steht im Zentrum seiner Kritik<\/h2>\n<p>Noch grunds\u00e4tzlicher ist Maa\u00dfens Kritik an dem, was er als \u201elegalistischen Linksextremismus\u201c bezeichnet.<\/p>\n<p>Nach seiner Argumentation bestehe die Gefahr nicht ausschlie\u00dflich in offen gewaltt\u00e4tigen Aktionen. Er warnt vielmehr vor politischen Str\u00f6mungen, die seiner Ansicht nach langfristig Einfluss auf gesellschaftliche Institutionen gewinnen k\u00f6nnten.<\/p>\n<p>Maa\u00dfen beschreibt dabei einen historischen Prozess, der seiner Einsch\u00e4tzung zufolge seit den sp\u00e4ten 1960er-Jahren an Bedeutung gewonnen habe. Einfluss habe sich zun\u00e4chst in Teilen des kulturellen und akademischen Milieus entwickelt und sp\u00e4ter auch auf Organisationen, politische Netzwerke und Nichtregierungsorganisationen ausgeweitet.<\/p>\n<p>Diese Darstellung ist politisch h\u00f6chst umstritten. Aus der Existenz linker politischer Organisationen oder gesellschaftlicher Initiativen l\u00e4sst sich nicht automatisch eine extremistische Ausrichtung ableiten. Entscheidend ist vielmehr, ob konkrete Bestrebungen gegen die freiheitliche demokratische Grundordnung gerichtet sind.<\/p>\n<h2>Berlin: Stromausfall macht Verwundbarkeit kritischer Infrastruktur sichtbar<\/h2>\n<p>Eine besondere Brisanz erh\u00e4lt die Diskussion durch einen schweren Stromausfall in Berlin Anfang Januar 2026.<\/p>\n<p>Am 3. Januar waren nach Angaben der Bundeswehr infolge eines Brandanschlags auf die Stromversorgung im S\u00fcdwesten Berlins etwa 45.000 Haushalte, mehr als 2.000 Betriebe und zahlreiche \u00f6ffentliche Einrichtungen ohne Strom und W\u00e4rme.<\/p>\n<p>Der Ausfall dauerte f\u00fcr viele Betroffene mehrere Tage. Bei Temperaturen um den Gefrierpunkt hatte die Unterbrechung nicht nur Auswirkungen auf Beleuchtung und elektrische Ger\u00e4te. Auch Heizungen, Kommunikation und der normale Betrieb zahlreicher Unternehmen waren beeintr\u00e4chtigt.<\/p>\n<p>Deutsche Medien berichteten damals von einem mutma\u00dflich linksextremistischen Hintergrund des Anschlags. Die Tat l\u00f6ste eine breite Diskussion \u00fcber den Schutz kritischer Infrastruktur und die Verwundbarkeit des deutschen Stromnetzes aus.<\/p>\n<p>Damit erhielt die Frage nach der tats\u00e4chlichen Bedrohung durch politisch motivierte Sabotage neue Bedeutung.<\/p>\n<h2>Offizielle Zahlen zeigen einen Anstieg des linksextremistischen Personenpotenzials<\/h2>\n<p>Unabh\u00e4ngig von Maa\u00dfens pers\u00f6nlichen Aussagen gibt es tats\u00e4chlich offizielle Zahlen, die einen Anstieg des vom Verfassungsschutz erfassten linksextremistischen Personenpotenzials zeigen.<\/p>\n<p>F\u00fcr 2018 wurden bundesweit rund 32.000 Personen ausgewiesen. Im Jahr 2024 lag die Zahl bei etwa 38.000.<\/p>\n<p>Auch der Anteil der als gewaltorientiert eingestuften Personen ist gestiegen. F\u00fcr 2024 werden bundesweit rund 11.200 gewaltorientierte Linksextremisten genannt. Gleichzeitig registrierten die Sicherheitsbeh\u00f6rden f\u00fcr 2024 einen deutlichen Anstieg linksextremistisch motivierter Straftaten.<\/p>\n<p>Diese Zahlen belegen allerdings nicht automatisch Maa\u00dfens weitergehende These einer systematischen \u201eUnterwanderung\u201c staatlicher Institutionen. Sie zeigen vielmehr, dass Linksextremismus weiterhin ein von den Sicherheitsbeh\u00f6rden beobachtetes Ph\u00e4nomen ist und sich dessen Umfang und Erscheinungsformen ver\u00e4ndert haben.<\/p>\n<h2>Politischer Sprengstoff f\u00fcr die Debatte<\/h2>\n<p>Maa\u00dfens Aussagen treffen auf eine ohnehin angespannte politische Diskussion \u00fcber den Umgang mit Extremismus in Deutschland.<\/p>\n<p>Seine zentrale Kritik lautet, dass Sicherheits- und politische Debatten unterschiedliche Formen des Extremismus nicht immer mit derselben Konsequenz behandeln w\u00fcrden. Besonders die Frage, ob linksextremistische Gefahren ausreichend ernst genommen werden, d\u00fcrfte deshalb weiterhin kontrovers diskutiert werden.<\/p>\n<p>Kritiker seiner Position d\u00fcrften dagegen darauf verweisen, dass zwischen radikalen politischen Positionen, legalem Aktivismus und tats\u00e4chlichem Extremismus klar unterschieden werden m\u00fcsse.<\/p>\n<p>Genau an diesem Punkt liegt der politische Kern der Debatte: Wie weit darf staatliche Beobachtung gehen, ohne legitime politische Opposition oder gesellschaftliches Engagement unter Generalverdacht zu stellen \u2013 und wann wird aus politischem Aktivismus tats\u00e4chlich eine Gefahr f\u00fcr die freiheitlich-demokratische Grundordnung?<\/p>\n<h2>Was von Maa\u00dfens Aussagen bleibt<\/h2>\n<p>Die von Maa\u00dfen genannten Personalzahlen sollten deshalb mit Vorsicht interpretiert werden. Sie beruhen nach der vorliegenden Darstellung auf Informationen aus einem pers\u00f6nlichen Gespr\u00e4ch und sind nicht als bundesweite offizielle Statistik zu verstehen.<\/p>\n<p>Der grunds\u00e4tzliche Befund eines gewachsenen linksextremistischen Personenpotenzials ist dagegen durch Verfassungsschutzangaben dokumentiert.<\/p>\n<p>Der Berliner Stromausfall zeigt zudem, welche Folgen ein Angriff auf kritische Infrastruktur haben kann. Die Bundeswehr best\u00e4tigte, dass nach dem Brandanschlag im Januar 2026 umfangreiche Amtshilfe notwendig wurde.<\/p>\n<p>Ob Maa\u00dfens weitergehende politische Schlussfolgerungen \u00fcberzeugen, d\u00fcrfte deshalb Gegenstand einer intensiven Auseinandersetzung bleiben.<\/p>\n<p>Eines steht jedoch fest: Die Diskussion \u00fcber Extremismus, politische Gewalt und den Schutz kritischer Infrastruktur ist nach den Ereignissen von 2026 keineswegs beendet. Und Maa\u00dfens neue Aussagen k\u00f6nnten dieser Debatte zus\u00e4tzlichen politischen Sprengstoff liefern.<\/p>\n","protected":false},"excerpt":{"rendered":"<p>Berlin \u2013 Hans-Georg Maa\u00dfen sorgt erneut f\u00fcr politische Diskussionen. Der ehemalige Pr\u00e4sident des Bundesamtes f\u00fcr Verfassungsschutz kritisiert den Umgang der deutschen Sicherheitsbeh\u00f6rden mit unterschiedlichen Formen &hellip; <\/p>\n","protected":false},"author":1,"featured_media":0,"comment_status":"open","ping_status":"open","sticky":false,"template":"","format":"standard","meta":{"footnotes":""},"categories":[1],"tags":[],"class_list":["post-1956","post","type-post","status-publish","format-standard","hentry","category-uncategorized"],"aioseo_notices":[],"aioseo_head":"\n\t\t<!-- All in One SEO 5.0.0.1 - aioseo.com -->\n\t<meta name=\"description\" content=\"Berlin \u2013 Hans-Georg Maa\u00dfen sorgt erneut f\u00fcr politische Diskussionen. Der ehemalige Pr\u00e4sident des Bundesamtes f\u00fcr Verfassungsschutz kritisiert den Umgang der deutschen Sicherheitsbeh\u00f6rden mit unterschiedlichen Formen des Extremismus und stellt dabei insbesondere die Beobachtung linksextremistischer Strukturen infrage. Im Mittelpunkt seiner Aussagen stehen Angaben \u00fcber die personelle Ausstattung der Extremismusbek\u00e4mpfung. Maa\u00dfen beruft sich dabei auf Informationen aus\" \/>\n\t<meta name=\"robots\" content=\"max-image-preview:large\" \/>\n\t<meta name=\"author\" content=\"anhadmin\"\/>\n\t<link rel=\"canonical\" href=\"https:\/\/dailynewsfreshz.com\/?p=1956\" \/>\n\t<meta name=\"generator\" content=\"All in One SEO (AIOSEO) 5.0.0.1\" \/>\n\t\t<meta property=\"og:locale\" content=\"en_US\" \/>\n\t\t<meta property=\"og:site_name\" content=\"\u041f. \u041a. \u042f\u0432\u043e\u0440\u043e\u0432 -\" \/>\n\t\t<meta property=\"og:type\" content=\"article\" \/>\n\t\t<meta property=\"og:title\" content=\"Maa\u00dfen erhebt schwere Vorw\u00fcrfe: Neue Debatte \u00fcber den Umgang mit Extremismus in Deutschland - \u041f. \u041a. \u042f\u0432\u043e\u0440\u043e\u0432\" \/>\n\t\t<meta property=\"og:description\" content=\"Berlin \u2013 Hans-Georg Maa\u00dfen sorgt erneut f\u00fcr politische Diskussionen. Der ehemalige Pr\u00e4sident des Bundesamtes f\u00fcr Verfassungsschutz kritisiert den Umgang der deutschen Sicherheitsbeh\u00f6rden mit unterschiedlichen Formen des Extremismus und stellt dabei insbesondere die Beobachtung linksextremistischer Strukturen infrage. Im Mittelpunkt seiner Aussagen stehen Angaben \u00fcber die personelle Ausstattung der Extremismusbek\u00e4mpfung. Maa\u00dfen beruft sich dabei auf Informationen aus\" \/>\n\t\t<meta property=\"og:url\" content=\"https:\/\/dailynewsfreshz.com\/?p=1956\" \/>\n\t\t<meta property=\"article:published_time\" content=\"2026-08-31T11:03:00+00:00\" \/>\n\t\t<meta property=\"article:modified_time\" content=\"2026-08-31T11:03:00+00:00\" \/>\n\t\t<meta name=\"twitter:card\" content=\"summary_large_image\" \/>\n\t\t<meta name=\"twitter:title\" content=\"Maa\u00dfen erhebt schwere Vorw\u00fcrfe: Neue Debatte \u00fcber den Umgang mit Extremismus in Deutschland - \u041f. \u041a. \u042f\u0432\u043e\u0440\u043e\u0432\" \/>\n\t\t<meta name=\"twitter:description\" content=\"Berlin \u2013 Hans-Georg Maa\u00dfen sorgt erneut f\u00fcr politische Diskussionen. Der ehemalige Pr\u00e4sident des Bundesamtes f\u00fcr Verfassungsschutz kritisiert den Umgang der deutschen Sicherheitsbeh\u00f6rden mit unterschiedlichen Formen des Extremismus und stellt dabei insbesondere die Beobachtung linksextremistischer Strukturen infrage. Im Mittelpunkt seiner Aussagen stehen Angaben \u00fcber die personelle Ausstattung der Extremismusbek\u00e4mpfung. Maa\u00dfen beruft sich dabei auf Informationen aus\" \/>\n\t\t<script type=\"application\/ld+json\" class=\"aioseo-schema\">\n\t\t\t{\"@context\":\"https:\\\/\\\/schema.org\",\"@graph\":[{\"@type\":\"BlogPosting\",\"@id\":\"https:\\\/\\\/dailynewsfreshz.com\\\/?p=1956#blogposting\",\"name\":\"Maa\\u00dfen erhebt schwere Vorw\\u00fcrfe: Neue Debatte \\u00fcber den Umgang mit Extremismus in Deutschland - \\u041f. \\u041a. \\u042f\\u0432\\u043e\\u0440\\u043e\\u0432\",\"headline\":\"Maa\\u00dfen erhebt schwere Vorw\\u00fcrfe: Neue Debatte \\u00fcber den Umgang mit Extremismus in Deutschland\",\"author\":{\"@id\":\"https:\\\/\\\/dailynewsfreshz.com\\\/?author=1#author\"},\"publisher\":{\"@id\":\"https:\\\/\\\/dailynewsfreshz.com\\\/#organization\"},\"image\":{\"@type\":\"ImageObject\",\"url\":\"https:\\\/\\\/dailynewsfreshz.com\\\/wp-content\\\/uploads\\\/2026\\\/08\\\/785151354_1541408804673261_1592030607017159037_n.jpg\",\"@id\":\"https:\\\/\\\/dailynewsfreshz.com\\\/?p=1956\\\/#articleImage\",\"width\":1080,\"height\":1350},\"datePublished\":\"2026-08-31T11:03:00+00:00\",\"dateModified\":\"2026-08-31T11:03:00+00:00\",\"inLanguage\":\"en-US\",\"mainEntityOfPage\":{\"@id\":\"https:\\\/\\\/dailynewsfreshz.com\\\/?p=1956#webpage\"},\"isPartOf\":{\"@id\":\"https:\\\/\\\/dailynewsfreshz.com\\\/?p=1956#webpage\"},\"articleSection\":\"Uncategorized\"},{\"@type\":\"BreadcrumbList\",\"@id\":\"https:\\\/\\\/dailynewsfreshz.com\\\/?p=1956#breadcrumblist\",\"itemListElement\":[{\"@type\":\"ListItem\",\"@id\":\"https:\\\/\\\/dailynewsfreshz.com#listItem\",\"position\":1,\"name\":\"Home\",\"item\":\"https:\\\/\\\/dailynewsfreshz.com\",\"nextItem\":{\"@type\":\"ListItem\",\"@id\":\"https:\\\/\\\/dailynewsfreshz.com\\\/?cat=1#listItem\",\"name\":\"Uncategorized\"}},{\"@type\":\"ListItem\",\"@id\":\"https:\\\/\\\/dailynewsfreshz.com\\\/?cat=1#listItem\",\"position\":2,\"name\":\"Uncategorized\",\"item\":\"https:\\\/\\\/dailynewsfreshz.com\\\/?cat=1\",\"nextItem\":{\"@type\":\"ListItem\",\"@id\":\"https:\\\/\\\/dailynewsfreshz.com\\\/?p=1956#listItem\",\"name\":\"Maa\\u00dfen erhebt schwere Vorw\\u00fcrfe: Neue Debatte \\u00fcber den Umgang mit Extremismus in Deutschland\"},\"previousItem\":{\"@type\":\"ListItem\",\"@id\":\"https:\\\/\\\/dailynewsfreshz.com#listItem\",\"name\":\"Home\"}},{\"@type\":\"ListItem\",\"@id\":\"https:\\\/\\\/dailynewsfreshz.com\\\/?p=1956#listItem\",\"position\":3,\"name\":\"Maa\\u00dfen erhebt schwere Vorw\\u00fcrfe: Neue Debatte \\u00fcber den Umgang mit Extremismus in Deutschland\",\"previousItem\":{\"@type\":\"ListItem\",\"@id\":\"https:\\\/\\\/dailynewsfreshz.com\\\/?cat=1#listItem\",\"name\":\"Uncategorized\"}}]},{\"@type\":\"Organization\",\"@id\":\"https:\\\/\\\/dailynewsfreshz.com\\\/#organization\",\"name\":\"\\u041f. \\u041a. \\u042f\\u0432\\u043e\\u0440\\u043e\\u0432\",\"url\":\"https:\\\/\\\/dailynewsfreshz.com\\\/\"},{\"@type\":\"Person\",\"@id\":\"https:\\\/\\\/dailynewsfreshz.com\\\/?author=1#author\",\"url\":\"https:\\\/\\\/dailynewsfreshz.com\\\/?author=1\",\"name\":\"anhadmin\",\"image\":{\"@type\":\"ImageObject\",\"@id\":\"https:\\\/\\\/dailynewsfreshz.com\\\/?p=1956#authorImage\",\"url\":\"https:\\\/\\\/secure.gravatar.com\\\/avatar\\\/22be87b468f997ebfe839db21c763eafd9d869ab5e04973d7684c241e5d475a3?s=96&d=mm&r=g\",\"width\":96,\"height\":96,\"caption\":\"anhadmin\"}},{\"@type\":\"WebPage\",\"@id\":\"https:\\\/\\\/dailynewsfreshz.com\\\/?p=1956#webpage\",\"url\":\"https:\\\/\\\/dailynewsfreshz.com\\\/?p=1956\",\"name\":\"Maa\\u00dfen erhebt schwere Vorw\\u00fcrfe: Neue Debatte \\u00fcber den Umgang mit Extremismus in Deutschland - \\u041f. \\u041a. \\u042f\\u0432\\u043e\\u0440\\u043e\\u0432\",\"description\":\"Berlin \\u2013 Hans-Georg Maa\\u00dfen sorgt erneut f\\u00fcr politische Diskussionen. Der ehemalige Pr\\u00e4sident des Bundesamtes f\\u00fcr Verfassungsschutz kritisiert den Umgang der deutschen Sicherheitsbeh\\u00f6rden mit unterschiedlichen Formen des Extremismus und stellt dabei insbesondere die Beobachtung linksextremistischer Strukturen infrage. Im Mittelpunkt seiner Aussagen stehen Angaben \\u00fcber die personelle Ausstattung der Extremismusbek\\u00e4mpfung. Maa\\u00dfen beruft sich dabei auf Informationen aus\",\"inLanguage\":\"en-US\",\"isPartOf\":{\"@id\":\"https:\\\/\\\/dailynewsfreshz.com\\\/#website\"},\"breadcrumb\":{\"@id\":\"https:\\\/\\\/dailynewsfreshz.com\\\/?p=1956#breadcrumblist\"},\"author\":{\"@id\":\"https:\\\/\\\/dailynewsfreshz.com\\\/?author=1#author\"},\"creator\":{\"@id\":\"https:\\\/\\\/dailynewsfreshz.com\\\/?author=1#author\"},\"datePublished\":\"2026-08-31T11:03:00+00:00\",\"dateModified\":\"2026-08-31T11:03:00+00:00\"},{\"@type\":\"WebSite\",\"@id\":\"https:\\\/\\\/dailynewsfreshz.com\\\/#website\",\"url\":\"https:\\\/\\\/dailynewsfreshz.com\\\/\",\"name\":\"\\u041f. \\u041a. \\u042f\\u0432\\u043e\\u0440\\u043e\\u0432\",\"inLanguage\":\"en-US\",\"publisher\":{\"@id\":\"https:\\\/\\\/dailynewsfreshz.com\\\/#organization\"}}]}\n\t\t<\/script>\n\t\t<!-- All in One SEO -->\n\n","aioseo_head_json":{"title":"Maa\u00dfen erhebt schwere Vorw\u00fcrfe: Neue Debatte \u00fcber den Umgang mit Extremismus in Deutschland - \u041f. \u041a. \u042f\u0432\u043e\u0440\u043e\u0432","description":"Berlin \u2013 Hans-Georg Maa\u00dfen sorgt erneut f\u00fcr politische Diskussionen. Der ehemalige Pr\u00e4sident des Bundesamtes f\u00fcr Verfassungsschutz kritisiert den Umgang der deutschen Sicherheitsbeh\u00f6rden mit unterschiedlichen Formen des Extremismus und stellt dabei insbesondere die Beobachtung linksextremistischer Strukturen infrage. Im Mittelpunkt seiner Aussagen stehen Angaben \u00fcber die personelle Ausstattung der Extremismusbek\u00e4mpfung. Maa\u00dfen beruft sich dabei auf Informationen aus","canonical_url":"https:\/\/dailynewsfreshz.com\/?p=1956","robots":"max-image-preview:large","keywords":"","webmasterTools":{"miscellaneous":""},"schema":{"@context":"https:\/\/schema.org","@graph":[{"@type":"BlogPosting","@id":"https:\/\/dailynewsfreshz.com\/?p=1956#blogposting","name":"Maa\u00dfen erhebt schwere Vorw\u00fcrfe: Neue Debatte \u00fcber den Umgang mit Extremismus in Deutschland - \u041f. \u041a. \u042f\u0432\u043e\u0440\u043e\u0432","headline":"Maa\u00dfen erhebt schwere Vorw\u00fcrfe: Neue Debatte \u00fcber den Umgang mit Extremismus in Deutschland","author":{"@id":"https:\/\/dailynewsfreshz.com\/?author=1#author"},"publisher":{"@id":"https:\/\/dailynewsfreshz.com\/#organization"},"image":{"@type":"ImageObject","url":"https:\/\/dailynewsfreshz.com\/wp-content\/uploads\/2026\/08\/785151354_1541408804673261_1592030607017159037_n.jpg","@id":"https:\/\/dailynewsfreshz.com\/?p=1956\/#articleImage","width":1080,"height":1350},"datePublished":"2026-08-31T11:03:00+00:00","dateModified":"2026-08-31T11:03:00+00:00","inLanguage":"en-US","mainEntityOfPage":{"@id":"https:\/\/dailynewsfreshz.com\/?p=1956#webpage"},"isPartOf":{"@id":"https:\/\/dailynewsfreshz.com\/?p=1956#webpage"},"articleSection":"Uncategorized"},{"@type":"BreadcrumbList","@id":"https:\/\/dailynewsfreshz.com\/?p=1956#breadcrumblist","itemListElement":[{"@type":"ListItem","@id":"https:\/\/dailynewsfreshz.com#listItem","position":1,"name":"Home","item":"https:\/\/dailynewsfreshz.com","nextItem":{"@type":"ListItem","@id":"https:\/\/dailynewsfreshz.com\/?cat=1#listItem","name":"Uncategorized"}},{"@type":"ListItem","@id":"https:\/\/dailynewsfreshz.com\/?cat=1#listItem","position":2,"name":"Uncategorized","item":"https:\/\/dailynewsfreshz.com\/?cat=1","nextItem":{"@type":"ListItem","@id":"https:\/\/dailynewsfreshz.com\/?p=1956#listItem","name":"Maa\u00dfen erhebt schwere Vorw\u00fcrfe: Neue Debatte \u00fcber den Umgang mit Extremismus in Deutschland"},"previousItem":{"@type":"ListItem","@id":"https:\/\/dailynewsfreshz.com#listItem","name":"Home"}},{"@type":"ListItem","@id":"https:\/\/dailynewsfreshz.com\/?p=1956#listItem","position":3,"name":"Maa\u00dfen erhebt schwere Vorw\u00fcrfe: Neue Debatte \u00fcber den Umgang mit Extremismus in Deutschland","previousItem":{"@type":"ListItem","@id":"https:\/\/dailynewsfreshz.com\/?cat=1#listItem","name":"Uncategorized"}}]},{"@type":"Organization","@id":"https:\/\/dailynewsfreshz.com\/#organization","name":"\u041f. \u041a. \u042f\u0432\u043e\u0440\u043e\u0432","url":"https:\/\/dailynewsfreshz.com\/"},{"@type":"Person","@id":"https:\/\/dailynewsfreshz.com\/?author=1#author","url":"https:\/\/dailynewsfreshz.com\/?author=1","name":"anhadmin","image":{"@type":"ImageObject","@id":"https:\/\/dailynewsfreshz.com\/?p=1956#authorImage","url":"https:\/\/secure.gravatar.com\/avatar\/22be87b468f997ebfe839db21c763eafd9d869ab5e04973d7684c241e5d475a3?s=96&d=mm&r=g","width":96,"height":96,"caption":"anhadmin"}},{"@type":"WebPage","@id":"https:\/\/dailynewsfreshz.com\/?p=1956#webpage","url":"https:\/\/dailynewsfreshz.com\/?p=1956","name":"Maa\u00dfen erhebt schwere Vorw\u00fcrfe: Neue Debatte \u00fcber den Umgang mit Extremismus in Deutschland - \u041f. \u041a. \u042f\u0432\u043e\u0440\u043e\u0432","description":"Berlin \u2013 Hans-Georg Maa\u00dfen sorgt erneut f\u00fcr politische Diskussionen. Der ehemalige Pr\u00e4sident des Bundesamtes f\u00fcr Verfassungsschutz kritisiert den Umgang der deutschen Sicherheitsbeh\u00f6rden mit unterschiedlichen Formen des Extremismus und stellt dabei insbesondere die Beobachtung linksextremistischer Strukturen infrage. Im Mittelpunkt seiner Aussagen stehen Angaben \u00fcber die personelle Ausstattung der Extremismusbek\u00e4mpfung. Maa\u00dfen beruft sich dabei auf Informationen aus","inLanguage":"en-US","isPartOf":{"@id":"https:\/\/dailynewsfreshz.com\/#website"},"breadcrumb":{"@id":"https:\/\/dailynewsfreshz.com\/?p=1956#breadcrumblist"},"author":{"@id":"https:\/\/dailynewsfreshz.com\/?author=1#author"},"creator":{"@id":"https:\/\/dailynewsfreshz.com\/?author=1#author"},"datePublished":"2026-08-31T11:03:00+00:00","dateModified":"2026-08-31T11:03:00+00:00"},{"@type":"WebSite","@id":"https:\/\/dailynewsfreshz.com\/#website","url":"https:\/\/dailynewsfreshz.com\/","name":"\u041f. \u041a. \u042f\u0432\u043e\u0440\u043e\u0432","inLanguage":"en-US","publisher":{"@id":"https:\/\/dailynewsfreshz.com\/#organization"}}]},"og:locale":"en_US","og:site_name":"\u041f. \u041a. \u042f\u0432\u043e\u0440\u043e\u0432 -","og:type":"article","og:title":"Maa\u00dfen erhebt schwere Vorw\u00fcrfe: Neue Debatte \u00fcber den Umgang mit Extremismus in Deutschland - \u041f. \u041a. \u042f\u0432\u043e\u0440\u043e\u0432","og:description":"Berlin \u2013 Hans-Georg Maa\u00dfen sorgt erneut f\u00fcr politische Diskussionen. Der ehemalige Pr\u00e4sident des Bundesamtes f\u00fcr Verfassungsschutz kritisiert den Umgang der deutschen Sicherheitsbeh\u00f6rden mit unterschiedlichen Formen des Extremismus und stellt dabei insbesondere die Beobachtung linksextremistischer Strukturen infrage. Im Mittelpunkt seiner Aussagen stehen Angaben \u00fcber die personelle Ausstattung der Extremismusbek\u00e4mpfung. Maa\u00dfen beruft sich dabei auf Informationen aus","og:url":"https:\/\/dailynewsfreshz.com\/?p=1956","article:published_time":"2026-08-31T11:03:00+00:00","article:modified_time":"2026-08-31T11:03:00+00:00","twitter:card":"summary_large_image","twitter:title":"Maa\u00dfen erhebt schwere Vorw\u00fcrfe: Neue Debatte \u00fcber den Umgang mit Extremismus in Deutschland - \u041f. \u041a. \u042f\u0432\u043e\u0440\u043e\u0432","twitter:description":"Berlin \u2013 Hans-Georg Maa\u00dfen sorgt erneut f\u00fcr politische Diskussionen. Der ehemalige Pr\u00e4sident des Bundesamtes f\u00fcr Verfassungsschutz kritisiert den Umgang der deutschen Sicherheitsbeh\u00f6rden mit unterschiedlichen Formen des Extremismus und stellt dabei insbesondere die Beobachtung linksextremistischer Strukturen infrage. Im Mittelpunkt seiner Aussagen stehen Angaben \u00fcber die personelle Ausstattung der Extremismusbek\u00e4mpfung. Maa\u00dfen beruft sich dabei auf Informationen aus"},"aioseo_meta_data":{"post_id":"1956","title":null,"description":null,"keywords":null,"keyphrases":{"focus":{"keyphrase":"","score":0,"analysis":{"keyphraseInTitle":{"score":0,"maxScore":9,"error":1}}},"additional":[]},"primary_term":null,"canonical_url":null,"og_title":null,"og_description":null,"og_object_type":"default","og_image_type":"default","og_image_url":null,"og_image_width":null,"og_image_height":null,"og_image_custom_url":null,"og_image_custom_fields":null,"og_video":"","og_custom_url":null,"og_article_section":null,"og_article_tags":null,"twitter_use_og":false,"twitter_card":"default","twitter_image_type":"default","twitter_image_url":null,"twitter_image_custom_url":null,"twitter_image_custom_fields":null,"twitter_title":null,"twitter_description":null,"schema":{"blockGraphs":[],"customGraphs":[],"default":{"data":{"Article":[],"Course":[],"Dataset":[],"FAQPage":[],"Movie":[],"Person":[],"Product":[],"ProductReview":[],"Car":[],"Recipe":[],"Service":[],"SoftwareApplication":[],"WebPage":[]},"graphName":"BlogPosting","isEnabled":true},"graphs":[]},"schema_type":"default","schema_type_options":null,"pillar_content":false,"robots_default":true,"robots_noindex":false,"robots_noarchive":false,"robots_nosnippet":false,"robots_nofollow":false,"robots_noimageindex":false,"robots_noodp":false,"robots_notranslate":false,"robots_max_snippet":"-1","robots_max_videopreview":"-1","robots_max_imagepreview":"large","priority":null,"frequency":"default","local_seo":null,"breadcrumb_settings":null,"limit_modified_date":false,"ai":{"faqs":[],"keyPoints":[],"schemas":[],"titles":[],"descriptions":[],"socialPosts":{"email":{"subject":"","preview":"","content":""},"linkedin":[],"twitter":[],"facebook":[],"instagram":[]}},"created":"2026-08-31 11:03:00","updated":"2026-08-31 11:03:00","focus_keyword":null,"additional_keywords":null,"truseo_locale":null,"seo_analyzer_scan_date":null},"aioseo_breadcrumb":"<div class=\"aioseo-breadcrumbs\"><span class=\"aioseo-breadcrumb\">\n\t\t\t<a href=\"https:\/\/dailynewsfreshz.com\" title=\"Home\">Home<\/a>\n\t\t<\/span><span class=\"aioseo-breadcrumb-separator\">&raquo;<\/span><span class=\"aioseo-breadcrumb\">\n\t\t\t<a href=\"https:\/\/dailynewsfreshz.com\/?cat=1\" title=\"Uncategorized\">Uncategorized<\/a>\n\t\t<\/span><span class=\"aioseo-breadcrumb-separator\">&raquo;<\/span><span class=\"aioseo-breadcrumb\">\n\t\t\tMaa\u00dfen erhebt schwere Vorw\u00fcrfe: Neue Debatte \u00fcber den Umgang mit Extremismus in Deutschland\n\t\t<\/span><\/div>","aioseo_breadcrumb_json":[{"label":"Home","link":"https:\/\/dailynewsfreshz.com"},{"label":"Uncategorized","link":"https:\/\/dailynewsfreshz.com\/?cat=1"},{"label":"Maa\u00dfen erhebt schwere Vorw\u00fcrfe: Neue Debatte \u00fcber den Umgang mit Extremismus in Deutschland","link":"https:\/\/dailynewsfreshz.com\/?p=1956"}],"_links":{"self":[{"href":"https:\/\/dailynewsfreshz.com\/index.php?rest_route=\/wp\/v2\/posts\/1956","targetHints":{"allow":["GET"]}}],"collection":[{"href":"https:\/\/dailynewsfreshz.com\/index.php?rest_route=\/wp\/v2\/posts"}],"about":[{"href":"https:\/\/dailynewsfreshz.com\/index.php?rest_route=\/wp\/v2\/types\/post"}],"author":[{"embeddable":true,"href":"https:\/\/dailynewsfreshz.com\/index.php?rest_route=\/wp\/v2\/users\/1"}],"replies":[{"embeddable":true,"href":"https:\/\/dailynewsfreshz.com\/index.php?rest_route=%2Fwp%2Fv2%2Fcomments&post=1956"}],"version-history":[{"count":1,"href":"https:\/\/dailynewsfreshz.com\/index.php?rest_route=\/wp\/v2\/posts\/1956\/revisions"}],"predecessor-version":[{"id":1958,"href":"https:\/\/dailynewsfreshz.com\/index.php?rest_route=\/wp\/v2\/posts\/1956\/revisions\/1958"}],"wp:attachment":[{"href":"https:\/\/dailynewsfreshz.com\/index.php?rest_route=%2Fwp%2Fv2%2Fmedia&parent=1956"}],"wp:term":[{"taxonomy":"category","embeddable":true,"href":"https:\/\/dailynewsfreshz.com\/index.php?rest_route=%2Fwp%2Fv2%2Fcategories&post=1956"},{"taxonomy":"post_tag","embeddable":true,"href":"https:\/\/dailynewsfreshz.com\/index.php?rest_route=%2Fwp%2Fv2%2Ftags&post=1956"}],"curies":[{"name":"wp","href":"https:\/\/api.w.org\/{rel}","templated":true}]}}