{"id":1980,"date":"2026-09-02T05:47:39","date_gmt":"2026-09-02T05:47:39","guid":{"rendered":"https:\/\/dailynewsfreshz.com\/?p=1980"},"modified":"2026-09-02T05:47:39","modified_gmt":"2026-09-02T05:47:39","slug":"friedrich-merz-unter-druck-kritische-burgerfragen-sorgen-im-sommerinterview-fur-hitzige-diskussionen","status":"publish","type":"post","link":"https:\/\/dailynewsfreshz.com\/?p=1980","title":{"rendered":"Friedrich Merz unter Druck: Kritische B\u00fcrgerfragen sorgen im Sommerinterview f\u00fcr hitzige Diskussionen"},"content":{"rendered":"<p><img loading=\"lazy\" decoding=\"async\" class=\"alignnone size-full wp-image-1981\" src=\"https:\/\/dailynewsfreshz.com\/wp-content\/uploads\/2026\/09\/791383549_122276882414180454_4746937299038934925_n.jpg\" alt=\"\" width=\"1200\" height=\"1500\" srcset=\"https:\/\/dailynewsfreshz.com\/wp-content\/uploads\/2026\/09\/791383549_122276882414180454_4746937299038934925_n.jpg 1200w, https:\/\/dailynewsfreshz.com\/wp-content\/uploads\/2026\/09\/791383549_122276882414180454_4746937299038934925_n-240x300.jpg 240w, https:\/\/dailynewsfreshz.com\/wp-content\/uploads\/2026\/09\/791383549_122276882414180454_4746937299038934925_n-819x1024.jpg 819w, https:\/\/dailynewsfreshz.com\/wp-content\/uploads\/2026\/09\/791383549_122276882414180454_4746937299038934925_n-768x960.jpg 768w\" sizes=\"auto, (max-width: 1200px) 100vw, 1200px\" \/><\/p>\n<p>Berlin \u2013 Das ARD-Sommerinterview mit Bundeskanzler und CDU-Vorsitzendem Friedrich Merz hat am 30. August 2026 f\u00fcr intensive Diskussionen gesorgt. Im Gespr\u00e4ch standen nicht nur die wirtschaftliche Lage und die Arbeitswelt im Mittelpunkt. Auch Fragen zur Attraktivit\u00e4t Deutschlands f\u00fcr junge Menschen, zur internationalen Unterst\u00fctzung der Ukraine und zum Umgang mit der AfD wurden kontrovers angesprochen.<\/p>\n<p>Besonders aufmerksam wurde auf die Diskussion \u00fcber die Arbeitszeit geschaut. Merz hatte wiederholt daf\u00fcr geworben, dass in Deutschland mehr gearbeitet werden m\u00fcsse. Im Interview wurde ihm entgegengehalten, dass viele j\u00fcngere Menschen den Eindruck h\u00e4tten, ihre Lebensplanung werde zunehmend auf die Anforderungen des Arbeitsmarktes reduziert.<\/p>\n<p>Dabei ging es auch um die Debatte \u00fcber sogenannte \u201eLifestyle-Teilzeit\u201c. Die Frage, ob Menschen, die bewusst weniger arbeiten m\u00f6chten, dadurch als weniger leistungsbereit dargestellt w\u00fcrden, wurde kritisch angesprochen. Merz wies die Darstellung zur\u00fcck und betonte, dass er Menschen nicht pauschal als \u201efaul\u201c bezeichnen wolle. Gleichzeitig verwies er auf die im internationalen Vergleich niedrigere durchschnittliche Jahresarbeitszeit in Deutschland und forderte mehr Leistungsbereitschaft.<\/p>\n<p>Ein weiterer Schwerpunkt war die Besch\u00e4ftigung \u00e4lterer Arbeitnehmer. Merz verwies dabei auf die geplante beziehungsweise inzwischen eingef\u00fchrte Aktivrente, mit der zus\u00e4tzliche Erwerbsarbeit nach Erreichen der gesetzlichen Regelaltersgrenze steuerlich attraktiver gemacht werden soll. Das Bundesfinanzministerium best\u00e4tigt, dass die Aktivrente ab dem Folgemonat nach Erreichen der Regelaltersgrenze genutzt werden kann.<\/p>\n<p>Kritische Nachfragen richteten sich zugleich auf die Situation junger Menschen. Hohe Wohnkosten, Abgaben, wirtschaftliche Unsicherheit und Probleme bei der Infrastruktur sorgen bei einem Teil der jungen Generation f\u00fcr Frust. Eine Jugendstudie aus dem Jahr 2026 kam zu dem Ergebnis, dass 21 Prozent der 14- bis 29-J\u00e4hrigen konkret einen Umzug ins Ausland planen; 41 Prozent konnten sich dies grunds\u00e4tzlich vorstellen.<\/p>\n<p>Merz verteidigte dennoch den Wirtschafts- und Lebensstandort Deutschland und verwies insbesondere auf die Chancen des deutschen Ausbildungssystems. Seine Botschaft: Die bestehenden Probleme m\u00fcssten angegangen werden, Deutschland bleibe aber ein Land mit erheblichen M\u00f6glichkeiten. Diese Einsch\u00e4tzung trifft allerdings auf eine zunehmend skeptische junge Generation.<\/p>\n<p>Auch die Frage nach Deutschlands Rolle in internationalen Konflikten sorgte f\u00fcr Diskussionen. Kritiker argumentieren, dass angesichts zahlreicher Probleme im eigenen Land zun\u00e4chst innenpolitische Baustellen gel\u00f6st werden sollten. Merz stellte dem entgegen, dass innere Sicherheit und wirtschaftliche Stabilit\u00e4t nicht unabh\u00e4ngig von der internationalen Lage betrachtet werden k\u00f6nnten. Unterst\u00fctzung f\u00fcr die Ukraine und die Sicherung der europ\u00e4ischen Friedensordnung seien deshalb aus seiner Sicht eng mit den Interessen Deutschlands verbunden.<\/p>\n<p>Besonders politisch brisant war schlie\u00dflich die Frage nach den weiterhin starken Umfragewerten der AfD. Merz r\u00e4umte ein, dass sich grunds\u00e4tzlich alle etablierten Parteien fragen m\u00fcssten, warum viele B\u00fcrger zunehmend unzufrieden seien. Frust und Entt\u00e4uschung in Teilen der Bev\u00f6lkerung seien reale Faktoren.<\/p>\n<p>Eine Zusammenarbeit mit der AfD schloss der CDU-Chef jedoch weiterhin aus. Merz verwies insbesondere auf grundlegende Differenzen in der Au\u00dfen-, Europa- und Russlandpolitik. Eine Zusammenarbeit mit der AfD komme f\u00fcr die Union daher nicht infrage.<\/p>\n<p>Das Sommerinterview machte damit deutlich, wie gro\u00df der politische Spagat f\u00fcr Merz ist: Einerseits muss die Union auf Kritik an Wirtschaft, Arbeitsmarkt und Lebenshaltungskosten reagieren, andererseits versucht sie, ihre au\u00dfen- und europapolitische Linie sowie die klare Abgrenzung zur AfD aufrechtzuerhalten.<\/p>\n<p>Auch nach der Ausstrahlung ging die Debatte weiter. Ein ARD-Faktencheck kam zu dem Ergebnis, dass zahlreiche Aussagen von Merz einer \u00dcberpr\u00fcfung standhielten, w\u00e4hrend einzelne Aussagen zu Migration, Klimaschutz und \u00d6lpreisen als ungenau beziehungsweise erkl\u00e4rungsbed\u00fcrftig bewertet wurden.<\/p>\n<p>Damit wurde das Gespr\u00e4ch nicht nur zu einer politischen Bestandsaufnahme der Bundesregierung, sondern auch zu einem Spiegel der aktuellen gesellschaftlichen Auseinandersetzungen: Wie viel Arbeit ist zumutbar? Warum verlieren junge Menschen Vertrauen in den Standort Deutschland? Und wie soll die politische Mitte mit dem wachsenden Zuspruch f\u00fcr die AfD umgehen?<\/p>\n<p>Gerade diese Fragen d\u00fcrften die politische Debatte in Deutschland auch \u00fcber das Sommerinterview hinaus besch\u00e4ftigen.<\/p>\n<p>Hinweis zur Einordnung: Die von dir verlinkte Vorlage bezeichnet Merz als \u201edesignierten Kanzlerkandidaten\u201c. Das ist inzwischen \u00fcberholt: Friedrich Merz ist seit 2025 Bundeskanzler. Das ARD-Sommerinterview vom 30. August 2026 fand mit dem amtierenden Bundeskanzler und CDU-Vorsitzenden statt.<\/p>\n","protected":false},"excerpt":{"rendered":"<p>Berlin \u2013 Das ARD-Sommerinterview mit Bundeskanzler und CDU-Vorsitzendem Friedrich Merz hat am 30. August 2026 f\u00fcr intensive Diskussionen gesorgt. Im Gespr\u00e4ch standen nicht nur die &hellip; <\/p>\n","protected":false},"author":1,"featured_media":0,"comment_status":"open","ping_status":"open","sticky":false,"template":"","format":"standard","meta":{"footnotes":""},"categories":[1],"tags":[],"class_list":["post-1980","post","type-post","status-publish","format-standard","hentry","category-uncategorized"],"aioseo_notices":[],"aioseo_head":"\n\t\t<!-- All in One SEO 5.0.0.1 - aioseo.com -->\n\t<meta name=\"description\" content=\"Berlin \u2013 Das ARD-Sommerinterview mit Bundeskanzler und CDU-Vorsitzendem Friedrich Merz hat am 30. August 2026 f\u00fcr intensive Diskussionen gesorgt. Im Gespr\u00e4ch standen nicht nur die wirtschaftliche Lage und die Arbeitswelt im Mittelpunkt. Auch Fragen zur Attraktivit\u00e4t Deutschlands f\u00fcr junge Menschen, zur internationalen Unterst\u00fctzung der Ukraine und zum Umgang mit der AfD wurden kontrovers angesprochen. Besonders\" \/>\n\t<meta name=\"robots\" content=\"max-image-preview:large\" \/>\n\t<meta name=\"author\" content=\"anhadmin\"\/>\n\t<link rel=\"canonical\" href=\"https:\/\/dailynewsfreshz.com\/?p=1980\" \/>\n\t<meta name=\"generator\" content=\"All in One SEO (AIOSEO) 5.0.0.1\" \/>\n\t\t<meta property=\"og:locale\" content=\"en_US\" \/>\n\t\t<meta property=\"og:site_name\" content=\"\u041f. \u041a. \u042f\u0432\u043e\u0440\u043e\u0432 -\" \/>\n\t\t<meta property=\"og:type\" content=\"article\" \/>\n\t\t<meta property=\"og:title\" content=\"Friedrich Merz unter Druck: Kritische B\u00fcrgerfragen sorgen im Sommerinterview f\u00fcr hitzige Diskussionen - \u041f. \u041a. \u042f\u0432\u043e\u0440\u043e\u0432\" \/>\n\t\t<meta property=\"og:description\" content=\"Berlin \u2013 Das ARD-Sommerinterview mit Bundeskanzler und CDU-Vorsitzendem Friedrich Merz hat am 30. August 2026 f\u00fcr intensive Diskussionen gesorgt. Im Gespr\u00e4ch standen nicht nur die wirtschaftliche Lage und die Arbeitswelt im Mittelpunkt. Auch Fragen zur Attraktivit\u00e4t Deutschlands f\u00fcr junge Menschen, zur internationalen Unterst\u00fctzung der Ukraine und zum Umgang mit der AfD wurden kontrovers angesprochen. Besonders\" \/>\n\t\t<meta property=\"og:url\" content=\"https:\/\/dailynewsfreshz.com\/?p=1980\" \/>\n\t\t<meta property=\"article:published_time\" content=\"2026-09-02T05:47:39+00:00\" \/>\n\t\t<meta property=\"article:modified_time\" content=\"2026-09-02T05:47:39+00:00\" \/>\n\t\t<meta name=\"twitter:card\" content=\"summary_large_image\" \/>\n\t\t<meta name=\"twitter:title\" content=\"Friedrich Merz unter Druck: Kritische B\u00fcrgerfragen sorgen im Sommerinterview f\u00fcr hitzige Diskussionen - \u041f. \u041a. \u042f\u0432\u043e\u0440\u043e\u0432\" \/>\n\t\t<meta name=\"twitter:description\" content=\"Berlin \u2013 Das ARD-Sommerinterview mit Bundeskanzler und CDU-Vorsitzendem Friedrich Merz hat am 30. August 2026 f\u00fcr intensive Diskussionen gesorgt. Im Gespr\u00e4ch standen nicht nur die wirtschaftliche Lage und die Arbeitswelt im Mittelpunkt. Auch Fragen zur Attraktivit\u00e4t Deutschlands f\u00fcr junge Menschen, zur internationalen Unterst\u00fctzung der Ukraine und zum Umgang mit der AfD wurden kontrovers angesprochen. Besonders\" \/>\n\t\t<script type=\"application\/ld+json\" class=\"aioseo-schema\">\n\t\t\t{\"@context\":\"https:\\\/\\\/schema.org\",\"@graph\":[{\"@type\":\"BlogPosting\",\"@id\":\"https:\\\/\\\/dailynewsfreshz.com\\\/?p=1980#blogposting\",\"name\":\"Friedrich Merz unter Druck: Kritische B\\u00fcrgerfragen sorgen im Sommerinterview f\\u00fcr hitzige Diskussionen - \\u041f. \\u041a. \\u042f\\u0432\\u043e\\u0440\\u043e\\u0432\",\"headline\":\"Friedrich Merz unter Druck: Kritische B\\u00fcrgerfragen sorgen im Sommerinterview f\\u00fcr hitzige Diskussionen\",\"author\":{\"@id\":\"https:\\\/\\\/dailynewsfreshz.com\\\/?author=1#author\"},\"publisher\":{\"@id\":\"https:\\\/\\\/dailynewsfreshz.com\\\/#organization\"},\"image\":{\"@type\":\"ImageObject\",\"url\":\"https:\\\/\\\/dailynewsfreshz.com\\\/wp-content\\\/uploads\\\/2026\\\/09\\\/791383549_122276882414180454_4746937299038934925_n.jpg\",\"@id\":\"https:\\\/\\\/dailynewsfreshz.com\\\/?p=1980\\\/#articleImage\",\"width\":1200,\"height\":1500},\"datePublished\":\"2026-09-02T05:47:39+00:00\",\"dateModified\":\"2026-09-02T05:47:39+00:00\",\"inLanguage\":\"en-US\",\"mainEntityOfPage\":{\"@id\":\"https:\\\/\\\/dailynewsfreshz.com\\\/?p=1980#webpage\"},\"isPartOf\":{\"@id\":\"https:\\\/\\\/dailynewsfreshz.com\\\/?p=1980#webpage\"},\"articleSection\":\"Uncategorized\"},{\"@type\":\"BreadcrumbList\",\"@id\":\"https:\\\/\\\/dailynewsfreshz.com\\\/?p=1980#breadcrumblist\",\"itemListElement\":[{\"@type\":\"ListItem\",\"@id\":\"https:\\\/\\\/dailynewsfreshz.com#listItem\",\"position\":1,\"name\":\"Home\",\"item\":\"https:\\\/\\\/dailynewsfreshz.com\",\"nextItem\":{\"@type\":\"ListItem\",\"@id\":\"https:\\\/\\\/dailynewsfreshz.com\\\/?cat=1#listItem\",\"name\":\"Uncategorized\"}},{\"@type\":\"ListItem\",\"@id\":\"https:\\\/\\\/dailynewsfreshz.com\\\/?cat=1#listItem\",\"position\":2,\"name\":\"Uncategorized\",\"item\":\"https:\\\/\\\/dailynewsfreshz.com\\\/?cat=1\",\"nextItem\":{\"@type\":\"ListItem\",\"@id\":\"https:\\\/\\\/dailynewsfreshz.com\\\/?p=1980#listItem\",\"name\":\"Friedrich Merz unter Druck: Kritische B\\u00fcrgerfragen sorgen im Sommerinterview f\\u00fcr hitzige Diskussionen\"},\"previousItem\":{\"@type\":\"ListItem\",\"@id\":\"https:\\\/\\\/dailynewsfreshz.com#listItem\",\"name\":\"Home\"}},{\"@type\":\"ListItem\",\"@id\":\"https:\\\/\\\/dailynewsfreshz.com\\\/?p=1980#listItem\",\"position\":3,\"name\":\"Friedrich Merz unter Druck: Kritische B\\u00fcrgerfragen sorgen im Sommerinterview f\\u00fcr hitzige Diskussionen\",\"previousItem\":{\"@type\":\"ListItem\",\"@id\":\"https:\\\/\\\/dailynewsfreshz.com\\\/?cat=1#listItem\",\"name\":\"Uncategorized\"}}]},{\"@type\":\"Organization\",\"@id\":\"https:\\\/\\\/dailynewsfreshz.com\\\/#organization\",\"name\":\"\\u041f. \\u041a. \\u042f\\u0432\\u043e\\u0440\\u043e\\u0432\",\"url\":\"https:\\\/\\\/dailynewsfreshz.com\\\/\"},{\"@type\":\"Person\",\"@id\":\"https:\\\/\\\/dailynewsfreshz.com\\\/?author=1#author\",\"url\":\"https:\\\/\\\/dailynewsfreshz.com\\\/?author=1\",\"name\":\"anhadmin\",\"image\":{\"@type\":\"ImageObject\",\"@id\":\"https:\\\/\\\/dailynewsfreshz.com\\\/?p=1980#authorImage\",\"url\":\"https:\\\/\\\/secure.gravatar.com\\\/avatar\\\/22be87b468f997ebfe839db21c763eafd9d869ab5e04973d7684c241e5d475a3?s=96&d=mm&r=g\",\"width\":96,\"height\":96,\"caption\":\"anhadmin\"}},{\"@type\":\"WebPage\",\"@id\":\"https:\\\/\\\/dailynewsfreshz.com\\\/?p=1980#webpage\",\"url\":\"https:\\\/\\\/dailynewsfreshz.com\\\/?p=1980\",\"name\":\"Friedrich Merz unter Druck: Kritische B\\u00fcrgerfragen sorgen im Sommerinterview f\\u00fcr hitzige Diskussionen - \\u041f. \\u041a. \\u042f\\u0432\\u043e\\u0440\\u043e\\u0432\",\"description\":\"Berlin \\u2013 Das ARD-Sommerinterview mit Bundeskanzler und CDU-Vorsitzendem Friedrich Merz hat am 30. August 2026 f\\u00fcr intensive Diskussionen gesorgt. Im Gespr\\u00e4ch standen nicht nur die wirtschaftliche Lage und die Arbeitswelt im Mittelpunkt. Auch Fragen zur Attraktivit\\u00e4t Deutschlands f\\u00fcr junge Menschen, zur internationalen Unterst\\u00fctzung der Ukraine und zum Umgang mit der AfD wurden kontrovers angesprochen. Besonders\",\"inLanguage\":\"en-US\",\"isPartOf\":{\"@id\":\"https:\\\/\\\/dailynewsfreshz.com\\\/#website\"},\"breadcrumb\":{\"@id\":\"https:\\\/\\\/dailynewsfreshz.com\\\/?p=1980#breadcrumblist\"},\"author\":{\"@id\":\"https:\\\/\\\/dailynewsfreshz.com\\\/?author=1#author\"},\"creator\":{\"@id\":\"https:\\\/\\\/dailynewsfreshz.com\\\/?author=1#author\"},\"datePublished\":\"2026-09-02T05:47:39+00:00\",\"dateModified\":\"2026-09-02T05:47:39+00:00\"},{\"@type\":\"WebSite\",\"@id\":\"https:\\\/\\\/dailynewsfreshz.com\\\/#website\",\"url\":\"https:\\\/\\\/dailynewsfreshz.com\\\/\",\"name\":\"\\u041f. \\u041a. \\u042f\\u0432\\u043e\\u0440\\u043e\\u0432\",\"inLanguage\":\"en-US\",\"publisher\":{\"@id\":\"https:\\\/\\\/dailynewsfreshz.com\\\/#organization\"}}]}\n\t\t<\/script>\n\t\t<!-- All in One SEO -->\n\n","aioseo_head_json":{"title":"Friedrich Merz unter Druck: Kritische B\u00fcrgerfragen sorgen im Sommerinterview f\u00fcr hitzige Diskussionen - \u041f. \u041a. \u042f\u0432\u043e\u0440\u043e\u0432","description":"Berlin \u2013 Das ARD-Sommerinterview mit Bundeskanzler und CDU-Vorsitzendem Friedrich Merz hat am 30. August 2026 f\u00fcr intensive Diskussionen gesorgt. Im Gespr\u00e4ch standen nicht nur die wirtschaftliche Lage und die Arbeitswelt im Mittelpunkt. Auch Fragen zur Attraktivit\u00e4t Deutschlands f\u00fcr junge Menschen, zur internationalen Unterst\u00fctzung der Ukraine und zum Umgang mit der AfD wurden kontrovers angesprochen. Besonders","canonical_url":"https:\/\/dailynewsfreshz.com\/?p=1980","robots":"max-image-preview:large","keywords":"","webmasterTools":{"miscellaneous":""},"schema":{"@context":"https:\/\/schema.org","@graph":[{"@type":"BlogPosting","@id":"https:\/\/dailynewsfreshz.com\/?p=1980#blogposting","name":"Friedrich Merz unter Druck: Kritische B\u00fcrgerfragen sorgen im Sommerinterview f\u00fcr hitzige Diskussionen - \u041f. \u041a. \u042f\u0432\u043e\u0440\u043e\u0432","headline":"Friedrich Merz unter Druck: Kritische B\u00fcrgerfragen sorgen im Sommerinterview f\u00fcr hitzige Diskussionen","author":{"@id":"https:\/\/dailynewsfreshz.com\/?author=1#author"},"publisher":{"@id":"https:\/\/dailynewsfreshz.com\/#organization"},"image":{"@type":"ImageObject","url":"https:\/\/dailynewsfreshz.com\/wp-content\/uploads\/2026\/09\/791383549_122276882414180454_4746937299038934925_n.jpg","@id":"https:\/\/dailynewsfreshz.com\/?p=1980\/#articleImage","width":1200,"height":1500},"datePublished":"2026-09-02T05:47:39+00:00","dateModified":"2026-09-02T05:47:39+00:00","inLanguage":"en-US","mainEntityOfPage":{"@id":"https:\/\/dailynewsfreshz.com\/?p=1980#webpage"},"isPartOf":{"@id":"https:\/\/dailynewsfreshz.com\/?p=1980#webpage"},"articleSection":"Uncategorized"},{"@type":"BreadcrumbList","@id":"https:\/\/dailynewsfreshz.com\/?p=1980#breadcrumblist","itemListElement":[{"@type":"ListItem","@id":"https:\/\/dailynewsfreshz.com#listItem","position":1,"name":"Home","item":"https:\/\/dailynewsfreshz.com","nextItem":{"@type":"ListItem","@id":"https:\/\/dailynewsfreshz.com\/?cat=1#listItem","name":"Uncategorized"}},{"@type":"ListItem","@id":"https:\/\/dailynewsfreshz.com\/?cat=1#listItem","position":2,"name":"Uncategorized","item":"https:\/\/dailynewsfreshz.com\/?cat=1","nextItem":{"@type":"ListItem","@id":"https:\/\/dailynewsfreshz.com\/?p=1980#listItem","name":"Friedrich Merz unter Druck: Kritische B\u00fcrgerfragen sorgen im Sommerinterview f\u00fcr hitzige Diskussionen"},"previousItem":{"@type":"ListItem","@id":"https:\/\/dailynewsfreshz.com#listItem","name":"Home"}},{"@type":"ListItem","@id":"https:\/\/dailynewsfreshz.com\/?p=1980#listItem","position":3,"name":"Friedrich Merz unter Druck: Kritische B\u00fcrgerfragen sorgen im Sommerinterview f\u00fcr hitzige Diskussionen","previousItem":{"@type":"ListItem","@id":"https:\/\/dailynewsfreshz.com\/?cat=1#listItem","name":"Uncategorized"}}]},{"@type":"Organization","@id":"https:\/\/dailynewsfreshz.com\/#organization","name":"\u041f. \u041a. \u042f\u0432\u043e\u0440\u043e\u0432","url":"https:\/\/dailynewsfreshz.com\/"},{"@type":"Person","@id":"https:\/\/dailynewsfreshz.com\/?author=1#author","url":"https:\/\/dailynewsfreshz.com\/?author=1","name":"anhadmin","image":{"@type":"ImageObject","@id":"https:\/\/dailynewsfreshz.com\/?p=1980#authorImage","url":"https:\/\/secure.gravatar.com\/avatar\/22be87b468f997ebfe839db21c763eafd9d869ab5e04973d7684c241e5d475a3?s=96&d=mm&r=g","width":96,"height":96,"caption":"anhadmin"}},{"@type":"WebPage","@id":"https:\/\/dailynewsfreshz.com\/?p=1980#webpage","url":"https:\/\/dailynewsfreshz.com\/?p=1980","name":"Friedrich Merz unter Druck: Kritische B\u00fcrgerfragen sorgen im Sommerinterview f\u00fcr hitzige Diskussionen - \u041f. \u041a. \u042f\u0432\u043e\u0440\u043e\u0432","description":"Berlin \u2013 Das ARD-Sommerinterview mit Bundeskanzler und CDU-Vorsitzendem Friedrich Merz hat am 30. August 2026 f\u00fcr intensive Diskussionen gesorgt. Im Gespr\u00e4ch standen nicht nur die wirtschaftliche Lage und die Arbeitswelt im Mittelpunkt. Auch Fragen zur Attraktivit\u00e4t Deutschlands f\u00fcr junge Menschen, zur internationalen Unterst\u00fctzung der Ukraine und zum Umgang mit der AfD wurden kontrovers angesprochen. Besonders","inLanguage":"en-US","isPartOf":{"@id":"https:\/\/dailynewsfreshz.com\/#website"},"breadcrumb":{"@id":"https:\/\/dailynewsfreshz.com\/?p=1980#breadcrumblist"},"author":{"@id":"https:\/\/dailynewsfreshz.com\/?author=1#author"},"creator":{"@id":"https:\/\/dailynewsfreshz.com\/?author=1#author"},"datePublished":"2026-09-02T05:47:39+00:00","dateModified":"2026-09-02T05:47:39+00:00"},{"@type":"WebSite","@id":"https:\/\/dailynewsfreshz.com\/#website","url":"https:\/\/dailynewsfreshz.com\/","name":"\u041f. \u041a. \u042f\u0432\u043e\u0440\u043e\u0432","inLanguage":"en-US","publisher":{"@id":"https:\/\/dailynewsfreshz.com\/#organization"}}]},"og:locale":"en_US","og:site_name":"\u041f. \u041a. \u042f\u0432\u043e\u0440\u043e\u0432 -","og:type":"article","og:title":"Friedrich Merz unter Druck: Kritische B\u00fcrgerfragen sorgen im Sommerinterview f\u00fcr hitzige Diskussionen - \u041f. \u041a. \u042f\u0432\u043e\u0440\u043e\u0432","og:description":"Berlin \u2013 Das ARD-Sommerinterview mit Bundeskanzler und CDU-Vorsitzendem Friedrich Merz hat am 30. August 2026 f\u00fcr intensive Diskussionen gesorgt. Im Gespr\u00e4ch standen nicht nur die wirtschaftliche Lage und die Arbeitswelt im Mittelpunkt. Auch Fragen zur Attraktivit\u00e4t Deutschlands f\u00fcr junge Menschen, zur internationalen Unterst\u00fctzung der Ukraine und zum Umgang mit der AfD wurden kontrovers angesprochen. Besonders","og:url":"https:\/\/dailynewsfreshz.com\/?p=1980","article:published_time":"2026-09-02T05:47:39+00:00","article:modified_time":"2026-09-02T05:47:39+00:00","twitter:card":"summary_large_image","twitter:title":"Friedrich Merz unter Druck: Kritische B\u00fcrgerfragen sorgen im Sommerinterview f\u00fcr hitzige Diskussionen - \u041f. \u041a. \u042f\u0432\u043e\u0440\u043e\u0432","twitter:description":"Berlin \u2013 Das ARD-Sommerinterview mit Bundeskanzler und CDU-Vorsitzendem Friedrich Merz hat am 30. August 2026 f\u00fcr intensive Diskussionen gesorgt. Im Gespr\u00e4ch standen nicht nur die wirtschaftliche Lage und die Arbeitswelt im Mittelpunkt. Auch Fragen zur Attraktivit\u00e4t Deutschlands f\u00fcr junge Menschen, zur internationalen Unterst\u00fctzung der Ukraine und zum Umgang mit der AfD wurden kontrovers angesprochen. Besonders"},"aioseo_meta_data":{"post_id":"1980","title":null,"description":null,"keywords":null,"keyphrases":{"focus":{"keyphrase":"","score":0,"analysis":{"keyphraseInTitle":{"score":0,"maxScore":9,"error":1}}},"additional":[]},"primary_term":null,"canonical_url":null,"og_title":null,"og_description":null,"og_object_type":"default","og_image_type":"default","og_image_url":null,"og_image_width":null,"og_image_height":null,"og_image_custom_url":null,"og_image_custom_fields":null,"og_video":"","og_custom_url":null,"og_article_section":null,"og_article_tags":null,"twitter_use_og":false,"twitter_card":"default","twitter_image_type":"default","twitter_image_url":null,"twitter_image_custom_url":null,"twitter_image_custom_fields":null,"twitter_title":null,"twitter_description":null,"schema":{"blockGraphs":[],"customGraphs":[],"default":{"data":{"Article":[],"Course":[],"Dataset":[],"FAQPage":[],"Movie":[],"Person":[],"Product":[],"ProductReview":[],"Car":[],"Recipe":[],"Service":[],"SoftwareApplication":[],"WebPage":[]},"graphName":"BlogPosting","isEnabled":true},"graphs":[]},"schema_type":"default","schema_type_options":null,"pillar_content":false,"robots_default":true,"robots_noindex":false,"robots_noarchive":false,"robots_nosnippet":false,"robots_nofollow":false,"robots_noimageindex":false,"robots_noodp":false,"robots_notranslate":false,"robots_max_snippet":"-1","robots_max_videopreview":"-1","robots_max_imagepreview":"large","priority":null,"frequency":"default","local_seo":null,"breadcrumb_settings":null,"limit_modified_date":false,"ai":{"faqs":[],"keyPoints":[],"schemas":[],"titles":[],"descriptions":[],"socialPosts":{"email":{"subject":"","preview":"","content":""},"linkedin":[],"twitter":[],"facebook":[],"instagram":[]}},"created":"2026-09-02 05:47:39","updated":"2026-09-02 05:47:51","focus_keyword":null,"additional_keywords":null,"truseo_locale":null,"seo_analyzer_scan_date":null},"aioseo_breadcrumb":"<div class=\"aioseo-breadcrumbs\"><span class=\"aioseo-breadcrumb\">\n\t\t\t<a href=\"https:\/\/dailynewsfreshz.com\" title=\"Home\">Home<\/a>\n\t\t<\/span><span class=\"aioseo-breadcrumb-separator\">&raquo;<\/span><span class=\"aioseo-breadcrumb\">\n\t\t\t<a href=\"https:\/\/dailynewsfreshz.com\/?cat=1\" title=\"Uncategorized\">Uncategorized<\/a>\n\t\t<\/span><span class=\"aioseo-breadcrumb-separator\">&raquo;<\/span><span class=\"aioseo-breadcrumb\">\n\t\t\tFriedrich Merz unter Druck: Kritische B\u00fcrgerfragen sorgen im Sommerinterview f\u00fcr hitzige Diskussionen\n\t\t<\/span><\/div>","aioseo_breadcrumb_json":[{"label":"Home","link":"https:\/\/dailynewsfreshz.com"},{"label":"Uncategorized","link":"https:\/\/dailynewsfreshz.com\/?cat=1"},{"label":"Friedrich Merz unter Druck: Kritische B\u00fcrgerfragen sorgen im Sommerinterview f\u00fcr hitzige Diskussionen","link":"https:\/\/dailynewsfreshz.com\/?p=1980"}],"_links":{"self":[{"href":"https:\/\/dailynewsfreshz.com\/index.php?rest_route=\/wp\/v2\/posts\/1980","targetHints":{"allow":["GET"]}}],"collection":[{"href":"https:\/\/dailynewsfreshz.com\/index.php?rest_route=\/wp\/v2\/posts"}],"about":[{"href":"https:\/\/dailynewsfreshz.com\/index.php?rest_route=\/wp\/v2\/types\/post"}],"author":[{"embeddable":true,"href":"https:\/\/dailynewsfreshz.com\/index.php?rest_route=\/wp\/v2\/users\/1"}],"replies":[{"embeddable":true,"href":"https:\/\/dailynewsfreshz.com\/index.php?rest_route=%2Fwp%2Fv2%2Fcomments&post=1980"}],"version-history":[{"count":1,"href":"https:\/\/dailynewsfreshz.com\/index.php?rest_route=\/wp\/v2\/posts\/1980\/revisions"}],"predecessor-version":[{"id":1982,"href":"https:\/\/dailynewsfreshz.com\/index.php?rest_route=\/wp\/v2\/posts\/1980\/revisions\/1982"}],"wp:attachment":[{"href":"https:\/\/dailynewsfreshz.com\/index.php?rest_route=%2Fwp%2Fv2%2Fmedia&parent=1980"}],"wp:term":[{"taxonomy":"category","embeddable":true,"href":"https:\/\/dailynewsfreshz.com\/index.php?rest_route=%2Fwp%2Fv2%2Fcategories&post=1980"},{"taxonomy":"post_tag","embeddable":true,"href":"https:\/\/dailynewsfreshz.com\/index.php?rest_route=%2Fwp%2Fv2%2Ftags&post=1980"}],"curies":[{"name":"wp","href":"https:\/\/api.w.org\/{rel}","templated":true}]}}