{"id":1996,"date":"2026-09-02T11:37:27","date_gmt":"2026-09-02T11:37:27","guid":{"rendered":"https:\/\/dailynewsfreshz.com\/?p=1996"},"modified":"2026-09-02T11:37:27","modified_gmt":"2026-09-02T11:37:27","slug":"eklat-im-tv-kinderarztin-greift-friedrich-merz-scharf-an-kanzler-weist-vorwurfe-zuruck","status":"publish","type":"post","link":"https:\/\/dailynewsfreshz.com\/?p=1996","title":{"rendered":"Eklat im TV: Kinder\u00e4rztin greift Friedrich Merz scharf an \u2013 Kanzler weist Vorw\u00fcrfe zur\u00fcck"},"content":{"rendered":"<h1><img loading=\"lazy\" decoding=\"async\" class=\"alignnone size-full wp-image-1997\" src=\"https:\/\/dailynewsfreshz.com\/wp-content\/uploads\/2026\/09\/786778320_122322733592187632_2731875927609349216_n-e1788349040136.jpg\" alt=\"\" width=\"1080\" height=\"785\" srcset=\"https:\/\/dailynewsfreshz.com\/wp-content\/uploads\/2026\/09\/786778320_122322733592187632_2731875927609349216_n-e1788349040136.jpg 1080w, https:\/\/dailynewsfreshz.com\/wp-content\/uploads\/2026\/09\/786778320_122322733592187632_2731875927609349216_n-e1788349040136-300x218.jpg 300w, https:\/\/dailynewsfreshz.com\/wp-content\/uploads\/2026\/09\/786778320_122322733592187632_2731875927609349216_n-e1788349040136-1024x744.jpg 1024w, https:\/\/dailynewsfreshz.com\/wp-content\/uploads\/2026\/09\/786778320_122322733592187632_2731875927609349216_n-e1788349040136-768x558.jpg 768w\" sizes=\"auto, (max-width: 1080px) 100vw, 1080px\" \/><\/h1>\n<p><strong>Berlin \u2013<\/strong> Ein ungew\u00f6hnlich heftiger Schlagabtausch zwischen Bundeskanzler Friedrich Merz und einer Kinder\u00e4rztin sorgt derzeit f\u00fcr Diskussionen \u00fcber Gesundheitspolitik, politische Kritik und den Umgangston in der \u00d6ffentlichkeit. Im RTL-Format <strong>\u201eAm Tisch mit Friedrich Merz\u201c<\/strong> traf der CDU-Politiker auf B\u00fcrgerinnen und B\u00fcrger, die mit der Politik der Bundesregierung unzufrieden sind. Besonders konfrontativ wurde das Gespr\u00e4ch mit der Kinder\u00e4rztin <strong>Dr. Maria Bea Merscher<\/strong>.<\/p>\n<p>Merscher kritisierte insbesondere die geplanten Einsparungen im Gesundheitswesen. Aus ihrer Sicht k\u00f6nnten die Ma\u00dfnahmen die medizinische Versorgung von Kindern und Familien erheblich belasten. Im Gespr\u00e4ch warf sie der Bundesregierung sogar vor, mit ihren Entscheidungen einen gef\u00e4hrlichen Kurs einzuschlagen.<\/p>\n<p>Besonders scharf formulierte die \u00c4rztin ihre Kritik an Friedrich Merz pers\u00f6nlich. Sie bezeichnete Teile der geplanten Gesundheitspolitik als <strong>\u201emenschenverachtend\u201c<\/strong> und <strong>\u201ezerst\u00f6rerisch\u201c<\/strong> und konfrontierte den Kanzler mit der Frage, warum er damit seinen Amtseid breche. RTL best\u00e4tigte, dass es w\u00e4hrend der Sendung zu einem deutlichen Wortwechsel zwischen den beiden kam.<\/p>\n<h2>Merz weist pers\u00f6nliche Vorw\u00fcrfe zur\u00fcck<\/h2>\n<p>Friedrich Merz reagierte sichtbar ver\u00e4rgert. Er akzeptiere politische Kritik, machte jedoch deutlich, dass er die pers\u00f6nliche Sch\u00e4rfe der Aussagen nicht hinnehmen wolle. Nach Angaben aus der Sendung bezeichnete er die \u00c4u\u00dferungen der \u00c4rztin als eine pers\u00f6nliche Herabsetzung und erkl\u00e4rte sinngem\u00e4\u00df, dass die Grenze des normalen politischen Streits \u00fcberschritten werde.<\/p>\n<p>Damit entwickelte sich aus der Diskussion \u00fcber Gesundheitspolitik schnell eine grunds\u00e4tzliche Auseinandersetzung dar\u00fcber, wie weit \u00f6ffentliche Kritik an einem Regierungschef gehen darf.<\/p>\n<h2>Gesundheitsreform im Mittelpunkt<\/h2>\n<p>Hinter dem Streit steht ein politischer Konflikt \u00fcber die Zukunft des deutschen Gesundheitssystems. Merscher argumentiert, dass Einsparungen nicht auf Kosten von Kindern und der medizinischen Versorgung erfolgen d\u00fcrften. Als \u00c4rztin sieht sie insbesondere bei der ambulanten Versorgung erhebliche Risiken.<\/p>\n<p>Merz dagegen verwies in der Sendung auf die hohen Ausgaben des Gesundheitssystems und darauf, dass die finanziellen Belastungen des Staates ber\u00fccksichtigt werden m\u00fcssten. Sp\u00e4ter sorgte vor allem seine \u00c4u\u00dferung \u00fcber \u00c4rztinnen und \u00c4rzte als <strong>\u201eNutznie\u00dfer\u201c<\/strong> des Gesundheitssystems f\u00fcr weitere Kritik aus der \u00c4rzteschaft.<\/p>\n<h2>Streit geht offenbar hinter den Kulissen weiter<\/h2>\n<p>Mit dem Ende der TV-Aufzeichnung war die Auseinandersetzung offenbar noch nicht vollst\u00e4ndig beendet. Bea Merscher schilderte sp\u00e4ter, dass es bei einem Fototermin erneut zu einem kurzen Wortwechsel mit Merz gekommen sei. Nach ihrer Darstellung habe der Kanzler ihre \u00c4u\u00dferungen erneut scharf kritisiert. Merscher erkl\u00e4rte au\u00dferdem, Merz habe ihre Aussagen als m\u00f6glicherweise <strong>\u201estraff\u00e4llig\u201c<\/strong> bezeichnet.<\/p>\n<p>Wichtig ist dabei: Diese Darstellung stammt von Merscher selbst und wurde nicht vollst\u00e4ndig best\u00e4tigt. RTL-Chefredakteur Gerhard Kohlenbach widersprach zumindest Teilen ihrer Schilderung. Er erkl\u00e4rte, der Sender k\u00f6nne nicht best\u00e4tigen, dass Merz sich nach der Sendung herablassend gegen\u00fcber der \u00c4rztin verhalten habe.<\/p>\n<h2>Warum jetzt \u00fcber Meinungsfreiheit diskutiert wird<\/h2>\n<p>Die Debatte f\u00e4llt zudem in eine Zeit, in der in Deutschland bereits mehrere F\u00e4lle rund um \u00c4u\u00dferungen \u00fcber Friedrich Merz f\u00fcr Aufmerksamkeit gesorgt haben.<\/p>\n<p>Dabei zeigt sich, dass nicht jede scharfe Aussage automatisch strafbar ist. So wurde ein Verfahren gegen einen Facebook-Nutzer eingestellt, der Merz als <strong>\u201ePinocchio\u201c<\/strong> bezeichnet hatte. Die Staatsanwaltschaft wertete dies als von der Meinungsfreiheit gedeckte politische Kritik.<\/p>\n<p>Anders verliefen andere Verfahren. In einem Fall wurde die Bezeichnung <strong>\u201eL\u00fcgenfritz\u201c<\/strong> als strafbare Beleidigung eingestuft. Auch gegen einen Mann, der Merz auf Facebook als <strong>\u201eLackaffe\u201c<\/strong> bezeichnet hatte, wurde ein Strafbefehl wegen Beleidigung erlassen; dagegen wurde Einspruch eingelegt.<\/p>\n<p>Diese unterschiedlichen Entscheidungen zeigen, wie stark es auf den konkreten Zusammenhang und die Formulierung ankommt. Politische Kritik bleibt grunds\u00e4tzlich m\u00f6glich, w\u00e4hrend rein pers\u00f6nliche Herabsetzungen rechtliche Konsequenzen haben k\u00f6nnen.<\/p>\n<h2>\u00c4rztin h\u00e4lt an ihrer Kritik fest<\/h2>\n<p>Trotz des heftigen Wortwechsels zieht Bea Merscher ihre Vorw\u00fcrfe nicht zur\u00fcck. In sp\u00e4teren \u00c4u\u00dferungen bekr\u00e4ftigte sie ihre Kritik an der Gesundheitspolitik und erkl\u00e4rte, sie halte die Bezeichnung <strong>\u201emenschenverachtend\u201c<\/strong> weiterhin f\u00fcr gerechtfertigt.<\/p>\n<p>Sie k\u00fcndigte au\u00dferdem eine Demonstration gegen geplante Einsparungen im Gesundheitswesen an. Nach Medienberichten soll die Veranstaltung am <strong>5.<\/strong> <strong>September in Berlin<\/strong> stattfinden. Merscher hatte Merz nach eigener Darstellung dazu eingeladen, mit ihr \u00fcber die Kritik zu sprechen.<\/p>\n<h2>Neue Kontroverse um Merz&#8217; Aussagen<\/h2>\n<p>Parallel dazu w\u00e4chst auch die Kritik an der Wortwahl des Kanzlers selbst. Besonders seine Aussagen \u00fcber \u00c4rztinnen und \u00c4rzte als <strong>\u201eNutznie\u00dfer\u201c<\/strong> des Gesundheitssystems l\u00f6sten Reaktionen aus. Die Landes\u00e4rztekammer Baden-W\u00fcrttemberg bezeichnete die Wortwahl als Affront. \u00c4rztinnen und \u00c4rzte beklagten einen fehlenden Respekt gegen\u00fcber ihrem Berufsstand.<\/p>\n<p>Damit hat sich der urspr\u00fcngliche TV-Streit zu einer deutlich gr\u00f6\u00dferen politischen Debatte entwickelt: Es geht nicht mehr nur um einen pers\u00f6nlichen Schlagabtausch zwischen einem Kanzler und einer \u00c4rztin, sondern um die Frage, wie Politik, medizinische Fachleute und B\u00fcrger miteinander diskutieren sollten.<\/p>\n<h2>Ein Streit mit Folgen<\/h2>\n<p>Der Auftritt bei RTL zeigt, wie schnell politische Debatten eskalieren k\u00f6nnen, wenn konkrete Sorgen auf harte pers\u00f6nliche Vorw\u00fcrfe treffen. W\u00e4hrend Merscher vor den Folgen der geplanten Gesundheitspolitik warnt, verteidigt Merz seinen Kurs und wehrt sich gegen das, was er als pers\u00f6nliche Herabsetzung empfindet.<\/p>\n<p>Fest steht: Der Streit ist noch nicht vollst\u00e4ndig beendet. Die kommenden Diskussionen \u00fcber die Gesundheitsreformen, die Reaktionen der \u00c4rzteschaft und die angek\u00fcndigte Demonstration d\u00fcrften zeigen, ob es bei einer heftigen TV-Debatte bleibt \u2013 oder ob daraus ein l\u00e4nger andauernder politischer Konflikt entsteht.<\/p>\n<p><strong>Hinweis:<\/strong> Aussagen \u00fcber Gespr\u00e4che au\u00dferhalb der Kamera werden hier ausdr\u00fccklich als jeweilige Darstellung der Beteiligten wiedergegeben, da RTL einzelnen Schilderungen widersprochen hat.<\/p>\n","protected":false},"excerpt":{"rendered":"<p>Berlin \u2013 Ein ungew\u00f6hnlich heftiger Schlagabtausch zwischen Bundeskanzler Friedrich Merz und einer Kinder\u00e4rztin sorgt derzeit f\u00fcr Diskussionen \u00fcber Gesundheitspolitik, politische Kritik und den Umgangston in &hellip; <\/p>\n","protected":false},"author":1,"featured_media":0,"comment_status":"open","ping_status":"open","sticky":false,"template":"","format":"standard","meta":{"footnotes":""},"categories":[1],"tags":[],"class_list":["post-1996","post","type-post","status-publish","format-standard","hentry","category-uncategorized"],"aioseo_notices":[],"aioseo_head":"\n\t\t<!-- All in One SEO 5.0.0.1 - aioseo.com -->\n\t<meta name=\"description\" content=\"Berlin \u2013 Ein ungew\u00f6hnlich heftiger Schlagabtausch zwischen Bundeskanzler Friedrich Merz und einer Kinder\u00e4rztin sorgt derzeit f\u00fcr Diskussionen \u00fcber Gesundheitspolitik, politische Kritik und den Umgangston in der \u00d6ffentlichkeit. Im RTL-Format \u201eAm Tisch mit Friedrich Merz\u201c traf der CDU-Politiker auf B\u00fcrgerinnen und B\u00fcrger, die mit der Politik der Bundesregierung unzufrieden sind. Besonders konfrontativ wurde das Gespr\u00e4ch mit\" \/>\n\t<meta name=\"robots\" content=\"max-image-preview:large\" \/>\n\t<meta name=\"author\" content=\"anhadmin\"\/>\n\t<link rel=\"canonical\" href=\"https:\/\/dailynewsfreshz.com\/?p=1996\" \/>\n\t<meta name=\"generator\" content=\"All in One SEO (AIOSEO) 5.0.0.1\" \/>\n\t\t<meta property=\"og:locale\" content=\"en_US\" \/>\n\t\t<meta property=\"og:site_name\" content=\"\u041f. \u041a. \u042f\u0432\u043e\u0440\u043e\u0432 -\" \/>\n\t\t<meta property=\"og:type\" content=\"article\" \/>\n\t\t<meta property=\"og:title\" content=\"Eklat im TV: Kinder\u00e4rztin greift Friedrich Merz scharf an \u2013 Kanzler weist Vorw\u00fcrfe zur\u00fcck - \u041f. \u041a. \u042f\u0432\u043e\u0440\u043e\u0432\" \/>\n\t\t<meta property=\"og:description\" content=\"Berlin \u2013 Ein ungew\u00f6hnlich heftiger Schlagabtausch zwischen Bundeskanzler Friedrich Merz und einer Kinder\u00e4rztin sorgt derzeit f\u00fcr Diskussionen \u00fcber Gesundheitspolitik, politische Kritik und den Umgangston in der \u00d6ffentlichkeit. Im RTL-Format \u201eAm Tisch mit Friedrich Merz\u201c traf der CDU-Politiker auf B\u00fcrgerinnen und B\u00fcrger, die mit der Politik der Bundesregierung unzufrieden sind. Besonders konfrontativ wurde das Gespr\u00e4ch mit\" \/>\n\t\t<meta property=\"og:url\" content=\"https:\/\/dailynewsfreshz.com\/?p=1996\" \/>\n\t\t<meta property=\"article:published_time\" content=\"2026-09-02T11:37:27+00:00\" \/>\n\t\t<meta property=\"article:modified_time\" content=\"2026-09-02T11:37:27+00:00\" \/>\n\t\t<meta name=\"twitter:card\" content=\"summary_large_image\" \/>\n\t\t<meta name=\"twitter:title\" content=\"Eklat im TV: Kinder\u00e4rztin greift Friedrich Merz scharf an \u2013 Kanzler weist Vorw\u00fcrfe zur\u00fcck - \u041f. \u041a. \u042f\u0432\u043e\u0440\u043e\u0432\" \/>\n\t\t<meta name=\"twitter:description\" content=\"Berlin \u2013 Ein ungew\u00f6hnlich heftiger Schlagabtausch zwischen Bundeskanzler Friedrich Merz und einer Kinder\u00e4rztin sorgt derzeit f\u00fcr Diskussionen \u00fcber Gesundheitspolitik, politische Kritik und den Umgangston in der \u00d6ffentlichkeit. Im RTL-Format \u201eAm Tisch mit Friedrich Merz\u201c traf der CDU-Politiker auf B\u00fcrgerinnen und B\u00fcrger, die mit der Politik der Bundesregierung unzufrieden sind. Besonders konfrontativ wurde das Gespr\u00e4ch mit\" \/>\n\t\t<script type=\"application\/ld+json\" class=\"aioseo-schema\">\n\t\t\t{\"@context\":\"https:\\\/\\\/schema.org\",\"@graph\":[{\"@type\":\"BlogPosting\",\"@id\":\"https:\\\/\\\/dailynewsfreshz.com\\\/?p=1996#blogposting\",\"name\":\"Eklat im TV: Kinder\\u00e4rztin greift Friedrich Merz scharf an \\u2013 Kanzler weist Vorw\\u00fcrfe zur\\u00fcck - \\u041f. \\u041a. \\u042f\\u0432\\u043e\\u0440\\u043e\\u0432\",\"headline\":\"Eklat im TV: Kinder\\u00e4rztin greift Friedrich Merz scharf an \\u2013 Kanzler weist Vorw\\u00fcrfe zur\\u00fcck\",\"author\":{\"@id\":\"https:\\\/\\\/dailynewsfreshz.com\\\/?author=1#author\"},\"publisher\":{\"@id\":\"https:\\\/\\\/dailynewsfreshz.com\\\/#organization\"},\"image\":{\"@type\":\"ImageObject\",\"url\":\"https:\\\/\\\/dailynewsfreshz.com\\\/wp-content\\\/uploads\\\/2026\\\/09\\\/786778320_122322733592187632_2731875927609349216_n-e1788349040136.jpg\",\"@id\":\"https:\\\/\\\/dailynewsfreshz.com\\\/?p=1996\\\/#articleImage\",\"width\":1080,\"height\":785},\"datePublished\":\"2026-09-02T11:37:27+00:00\",\"dateModified\":\"2026-09-02T11:37:27+00:00\",\"inLanguage\":\"en-US\",\"mainEntityOfPage\":{\"@id\":\"https:\\\/\\\/dailynewsfreshz.com\\\/?p=1996#webpage\"},\"isPartOf\":{\"@id\":\"https:\\\/\\\/dailynewsfreshz.com\\\/?p=1996#webpage\"},\"articleSection\":\"Uncategorized\"},{\"@type\":\"BreadcrumbList\",\"@id\":\"https:\\\/\\\/dailynewsfreshz.com\\\/?p=1996#breadcrumblist\",\"itemListElement\":[{\"@type\":\"ListItem\",\"@id\":\"https:\\\/\\\/dailynewsfreshz.com#listItem\",\"position\":1,\"name\":\"Home\",\"item\":\"https:\\\/\\\/dailynewsfreshz.com\",\"nextItem\":{\"@type\":\"ListItem\",\"@id\":\"https:\\\/\\\/dailynewsfreshz.com\\\/?cat=1#listItem\",\"name\":\"Uncategorized\"}},{\"@type\":\"ListItem\",\"@id\":\"https:\\\/\\\/dailynewsfreshz.com\\\/?cat=1#listItem\",\"position\":2,\"name\":\"Uncategorized\",\"item\":\"https:\\\/\\\/dailynewsfreshz.com\\\/?cat=1\",\"nextItem\":{\"@type\":\"ListItem\",\"@id\":\"https:\\\/\\\/dailynewsfreshz.com\\\/?p=1996#listItem\",\"name\":\"Eklat im TV: Kinder\\u00e4rztin greift Friedrich Merz scharf an \\u2013 Kanzler weist Vorw\\u00fcrfe zur\\u00fcck\"},\"previousItem\":{\"@type\":\"ListItem\",\"@id\":\"https:\\\/\\\/dailynewsfreshz.com#listItem\",\"name\":\"Home\"}},{\"@type\":\"ListItem\",\"@id\":\"https:\\\/\\\/dailynewsfreshz.com\\\/?p=1996#listItem\",\"position\":3,\"name\":\"Eklat im TV: Kinder\\u00e4rztin greift Friedrich Merz scharf an \\u2013 Kanzler weist Vorw\\u00fcrfe zur\\u00fcck\",\"previousItem\":{\"@type\":\"ListItem\",\"@id\":\"https:\\\/\\\/dailynewsfreshz.com\\\/?cat=1#listItem\",\"name\":\"Uncategorized\"}}]},{\"@type\":\"Organization\",\"@id\":\"https:\\\/\\\/dailynewsfreshz.com\\\/#organization\",\"name\":\"\\u041f. \\u041a. \\u042f\\u0432\\u043e\\u0440\\u043e\\u0432\",\"url\":\"https:\\\/\\\/dailynewsfreshz.com\\\/\"},{\"@type\":\"Person\",\"@id\":\"https:\\\/\\\/dailynewsfreshz.com\\\/?author=1#author\",\"url\":\"https:\\\/\\\/dailynewsfreshz.com\\\/?author=1\",\"name\":\"anhadmin\",\"image\":{\"@type\":\"ImageObject\",\"@id\":\"https:\\\/\\\/dailynewsfreshz.com\\\/?p=1996#authorImage\",\"url\":\"https:\\\/\\\/secure.gravatar.com\\\/avatar\\\/22be87b468f997ebfe839db21c763eafd9d869ab5e04973d7684c241e5d475a3?s=96&d=mm&r=g\",\"width\":96,\"height\":96,\"caption\":\"anhadmin\"}},{\"@type\":\"WebPage\",\"@id\":\"https:\\\/\\\/dailynewsfreshz.com\\\/?p=1996#webpage\",\"url\":\"https:\\\/\\\/dailynewsfreshz.com\\\/?p=1996\",\"name\":\"Eklat im TV: Kinder\\u00e4rztin greift Friedrich Merz scharf an \\u2013 Kanzler weist Vorw\\u00fcrfe zur\\u00fcck - \\u041f. \\u041a. \\u042f\\u0432\\u043e\\u0440\\u043e\\u0432\",\"description\":\"Berlin \\u2013 Ein ungew\\u00f6hnlich heftiger Schlagabtausch zwischen Bundeskanzler Friedrich Merz und einer Kinder\\u00e4rztin sorgt derzeit f\\u00fcr Diskussionen \\u00fcber Gesundheitspolitik, politische Kritik und den Umgangston in der \\u00d6ffentlichkeit. Im RTL-Format \\u201eAm Tisch mit Friedrich Merz\\u201c traf der CDU-Politiker auf B\\u00fcrgerinnen und B\\u00fcrger, die mit der Politik der Bundesregierung unzufrieden sind. Besonders konfrontativ wurde das Gespr\\u00e4ch mit\",\"inLanguage\":\"en-US\",\"isPartOf\":{\"@id\":\"https:\\\/\\\/dailynewsfreshz.com\\\/#website\"},\"breadcrumb\":{\"@id\":\"https:\\\/\\\/dailynewsfreshz.com\\\/?p=1996#breadcrumblist\"},\"author\":{\"@id\":\"https:\\\/\\\/dailynewsfreshz.com\\\/?author=1#author\"},\"creator\":{\"@id\":\"https:\\\/\\\/dailynewsfreshz.com\\\/?author=1#author\"},\"datePublished\":\"2026-09-02T11:37:27+00:00\",\"dateModified\":\"2026-09-02T11:37:27+00:00\"},{\"@type\":\"WebSite\",\"@id\":\"https:\\\/\\\/dailynewsfreshz.com\\\/#website\",\"url\":\"https:\\\/\\\/dailynewsfreshz.com\\\/\",\"name\":\"\\u041f. \\u041a. \\u042f\\u0432\\u043e\\u0440\\u043e\\u0432\",\"inLanguage\":\"en-US\",\"publisher\":{\"@id\":\"https:\\\/\\\/dailynewsfreshz.com\\\/#organization\"}}]}\n\t\t<\/script>\n\t\t<!-- All in One SEO -->\n\n","aioseo_head_json":{"title":"Eklat im TV: Kinder\u00e4rztin greift Friedrich Merz scharf an \u2013 Kanzler weist Vorw\u00fcrfe zur\u00fcck - \u041f. \u041a. \u042f\u0432\u043e\u0440\u043e\u0432","description":"Berlin \u2013 Ein ungew\u00f6hnlich heftiger Schlagabtausch zwischen Bundeskanzler Friedrich Merz und einer Kinder\u00e4rztin sorgt derzeit f\u00fcr Diskussionen \u00fcber Gesundheitspolitik, politische Kritik und den Umgangston in der \u00d6ffentlichkeit. Im RTL-Format \u201eAm Tisch mit Friedrich Merz\u201c traf der CDU-Politiker auf B\u00fcrgerinnen und B\u00fcrger, die mit der Politik der Bundesregierung unzufrieden sind. Besonders konfrontativ wurde das Gespr\u00e4ch mit","canonical_url":"https:\/\/dailynewsfreshz.com\/?p=1996","robots":"max-image-preview:large","keywords":"","webmasterTools":{"miscellaneous":""},"schema":{"@context":"https:\/\/schema.org","@graph":[{"@type":"BlogPosting","@id":"https:\/\/dailynewsfreshz.com\/?p=1996#blogposting","name":"Eklat im TV: Kinder\u00e4rztin greift Friedrich Merz scharf an \u2013 Kanzler weist Vorw\u00fcrfe zur\u00fcck - \u041f. \u041a. \u042f\u0432\u043e\u0440\u043e\u0432","headline":"Eklat im TV: Kinder\u00e4rztin greift Friedrich Merz scharf an \u2013 Kanzler weist Vorw\u00fcrfe zur\u00fcck","author":{"@id":"https:\/\/dailynewsfreshz.com\/?author=1#author"},"publisher":{"@id":"https:\/\/dailynewsfreshz.com\/#organization"},"image":{"@type":"ImageObject","url":"https:\/\/dailynewsfreshz.com\/wp-content\/uploads\/2026\/09\/786778320_122322733592187632_2731875927609349216_n-e1788349040136.jpg","@id":"https:\/\/dailynewsfreshz.com\/?p=1996\/#articleImage","width":1080,"height":785},"datePublished":"2026-09-02T11:37:27+00:00","dateModified":"2026-09-02T11:37:27+00:00","inLanguage":"en-US","mainEntityOfPage":{"@id":"https:\/\/dailynewsfreshz.com\/?p=1996#webpage"},"isPartOf":{"@id":"https:\/\/dailynewsfreshz.com\/?p=1996#webpage"},"articleSection":"Uncategorized"},{"@type":"BreadcrumbList","@id":"https:\/\/dailynewsfreshz.com\/?p=1996#breadcrumblist","itemListElement":[{"@type":"ListItem","@id":"https:\/\/dailynewsfreshz.com#listItem","position":1,"name":"Home","item":"https:\/\/dailynewsfreshz.com","nextItem":{"@type":"ListItem","@id":"https:\/\/dailynewsfreshz.com\/?cat=1#listItem","name":"Uncategorized"}},{"@type":"ListItem","@id":"https:\/\/dailynewsfreshz.com\/?cat=1#listItem","position":2,"name":"Uncategorized","item":"https:\/\/dailynewsfreshz.com\/?cat=1","nextItem":{"@type":"ListItem","@id":"https:\/\/dailynewsfreshz.com\/?p=1996#listItem","name":"Eklat im TV: Kinder\u00e4rztin greift Friedrich Merz scharf an \u2013 Kanzler weist Vorw\u00fcrfe zur\u00fcck"},"previousItem":{"@type":"ListItem","@id":"https:\/\/dailynewsfreshz.com#listItem","name":"Home"}},{"@type":"ListItem","@id":"https:\/\/dailynewsfreshz.com\/?p=1996#listItem","position":3,"name":"Eklat im TV: Kinder\u00e4rztin greift Friedrich Merz scharf an \u2013 Kanzler weist Vorw\u00fcrfe zur\u00fcck","previousItem":{"@type":"ListItem","@id":"https:\/\/dailynewsfreshz.com\/?cat=1#listItem","name":"Uncategorized"}}]},{"@type":"Organization","@id":"https:\/\/dailynewsfreshz.com\/#organization","name":"\u041f. \u041a. \u042f\u0432\u043e\u0440\u043e\u0432","url":"https:\/\/dailynewsfreshz.com\/"},{"@type":"Person","@id":"https:\/\/dailynewsfreshz.com\/?author=1#author","url":"https:\/\/dailynewsfreshz.com\/?author=1","name":"anhadmin","image":{"@type":"ImageObject","@id":"https:\/\/dailynewsfreshz.com\/?p=1996#authorImage","url":"https:\/\/secure.gravatar.com\/avatar\/22be87b468f997ebfe839db21c763eafd9d869ab5e04973d7684c241e5d475a3?s=96&d=mm&r=g","width":96,"height":96,"caption":"anhadmin"}},{"@type":"WebPage","@id":"https:\/\/dailynewsfreshz.com\/?p=1996#webpage","url":"https:\/\/dailynewsfreshz.com\/?p=1996","name":"Eklat im TV: Kinder\u00e4rztin greift Friedrich Merz scharf an \u2013 Kanzler weist Vorw\u00fcrfe zur\u00fcck - \u041f. \u041a. \u042f\u0432\u043e\u0440\u043e\u0432","description":"Berlin \u2013 Ein ungew\u00f6hnlich heftiger Schlagabtausch zwischen Bundeskanzler Friedrich Merz und einer Kinder\u00e4rztin sorgt derzeit f\u00fcr Diskussionen \u00fcber Gesundheitspolitik, politische Kritik und den Umgangston in der \u00d6ffentlichkeit. Im RTL-Format \u201eAm Tisch mit Friedrich Merz\u201c traf der CDU-Politiker auf B\u00fcrgerinnen und B\u00fcrger, die mit der Politik der Bundesregierung unzufrieden sind. Besonders konfrontativ wurde das Gespr\u00e4ch mit","inLanguage":"en-US","isPartOf":{"@id":"https:\/\/dailynewsfreshz.com\/#website"},"breadcrumb":{"@id":"https:\/\/dailynewsfreshz.com\/?p=1996#breadcrumblist"},"author":{"@id":"https:\/\/dailynewsfreshz.com\/?author=1#author"},"creator":{"@id":"https:\/\/dailynewsfreshz.com\/?author=1#author"},"datePublished":"2026-09-02T11:37:27+00:00","dateModified":"2026-09-02T11:37:27+00:00"},{"@type":"WebSite","@id":"https:\/\/dailynewsfreshz.com\/#website","url":"https:\/\/dailynewsfreshz.com\/","name":"\u041f. \u041a. \u042f\u0432\u043e\u0440\u043e\u0432","inLanguage":"en-US","publisher":{"@id":"https:\/\/dailynewsfreshz.com\/#organization"}}]},"og:locale":"en_US","og:site_name":"\u041f. \u041a. \u042f\u0432\u043e\u0440\u043e\u0432 -","og:type":"article","og:title":"Eklat im TV: Kinder\u00e4rztin greift Friedrich Merz scharf an \u2013 Kanzler weist Vorw\u00fcrfe zur\u00fcck - \u041f. \u041a. \u042f\u0432\u043e\u0440\u043e\u0432","og:description":"Berlin \u2013 Ein ungew\u00f6hnlich heftiger Schlagabtausch zwischen Bundeskanzler Friedrich Merz und einer Kinder\u00e4rztin sorgt derzeit f\u00fcr Diskussionen \u00fcber Gesundheitspolitik, politische Kritik und den Umgangston in der \u00d6ffentlichkeit. Im RTL-Format \u201eAm Tisch mit Friedrich Merz\u201c traf der CDU-Politiker auf B\u00fcrgerinnen und B\u00fcrger, die mit der Politik der Bundesregierung unzufrieden sind. Besonders konfrontativ wurde das Gespr\u00e4ch mit","og:url":"https:\/\/dailynewsfreshz.com\/?p=1996","article:published_time":"2026-09-02T11:37:27+00:00","article:modified_time":"2026-09-02T11:37:27+00:00","twitter:card":"summary_large_image","twitter:title":"Eklat im TV: Kinder\u00e4rztin greift Friedrich Merz scharf an \u2013 Kanzler weist Vorw\u00fcrfe zur\u00fcck - \u041f. \u041a. \u042f\u0432\u043e\u0440\u043e\u0432","twitter:description":"Berlin \u2013 Ein ungew\u00f6hnlich heftiger Schlagabtausch zwischen Bundeskanzler Friedrich Merz und einer Kinder\u00e4rztin sorgt derzeit f\u00fcr Diskussionen \u00fcber Gesundheitspolitik, politische Kritik und den Umgangston in der \u00d6ffentlichkeit. Im RTL-Format \u201eAm Tisch mit Friedrich Merz\u201c traf der CDU-Politiker auf B\u00fcrgerinnen und B\u00fcrger, die mit der Politik der Bundesregierung unzufrieden sind. Besonders konfrontativ wurde das Gespr\u00e4ch mit"},"aioseo_meta_data":{"post_id":"1996","title":null,"description":null,"keywords":null,"keyphrases":{"focus":{"keyphrase":"","score":0,"analysis":{"keyphraseInTitle":{"score":0,"maxScore":9,"error":1}}},"additional":[]},"primary_term":null,"canonical_url":null,"og_title":null,"og_description":null,"og_object_type":"default","og_image_type":"default","og_image_url":null,"og_image_width":null,"og_image_height":null,"og_image_custom_url":null,"og_image_custom_fields":null,"og_video":"","og_custom_url":null,"og_article_section":null,"og_article_tags":null,"twitter_use_og":false,"twitter_card":"default","twitter_image_type":"default","twitter_image_url":null,"twitter_image_custom_url":null,"twitter_image_custom_fields":null,"twitter_title":null,"twitter_description":null,"schema":{"blockGraphs":[],"customGraphs":[],"default":{"data":{"Article":[],"Course":[],"Dataset":[],"FAQPage":[],"Movie":[],"Person":[],"Product":[],"ProductReview":[],"Car":[],"Recipe":[],"Service":[],"SoftwareApplication":[],"WebPage":[]},"graphName":"BlogPosting","isEnabled":true},"graphs":[]},"schema_type":"default","schema_type_options":null,"pillar_content":false,"robots_default":true,"robots_noindex":false,"robots_noarchive":false,"robots_nosnippet":false,"robots_nofollow":false,"robots_noimageindex":false,"robots_noodp":false,"robots_notranslate":false,"robots_max_snippet":"-1","robots_max_videopreview":"-1","robots_max_imagepreview":"large","priority":null,"frequency":"default","local_seo":null,"breadcrumb_settings":null,"limit_modified_date":false,"ai":{"faqs":[],"keyPoints":[],"schemas":[],"titles":[],"descriptions":[],"socialPosts":{"email":{"subject":"","preview":"","content":""},"linkedin":[],"twitter":[],"facebook":[],"instagram":[]}},"created":"2026-09-02 11:37:27","updated":"2026-09-02 14:06:48","focus_keyword":null,"additional_keywords":null,"truseo_locale":null,"seo_analyzer_scan_date":null},"aioseo_breadcrumb":"<div class=\"aioseo-breadcrumbs\"><span class=\"aioseo-breadcrumb\">\n\t\t\t<a href=\"https:\/\/dailynewsfreshz.com\" title=\"Home\">Home<\/a>\n\t\t<\/span><span class=\"aioseo-breadcrumb-separator\">&raquo;<\/span><span class=\"aioseo-breadcrumb\">\n\t\t\t<a href=\"https:\/\/dailynewsfreshz.com\/?cat=1\" title=\"Uncategorized\">Uncategorized<\/a>\n\t\t<\/span><span class=\"aioseo-breadcrumb-separator\">&raquo;<\/span><span class=\"aioseo-breadcrumb\">\n\t\t\tEklat im TV: Kinder\u00e4rztin greift Friedrich Merz scharf an \u2013 Kanzler weist Vorw\u00fcrfe zur\u00fcck\n\t\t<\/span><\/div>","aioseo_breadcrumb_json":[{"label":"Home","link":"https:\/\/dailynewsfreshz.com"},{"label":"Uncategorized","link":"https:\/\/dailynewsfreshz.com\/?cat=1"},{"label":"Eklat im TV: Kinder\u00e4rztin greift Friedrich Merz scharf an \u2013 Kanzler weist Vorw\u00fcrfe zur\u00fcck","link":"https:\/\/dailynewsfreshz.com\/?p=1996"}],"_links":{"self":[{"href":"https:\/\/dailynewsfreshz.com\/index.php?rest_route=\/wp\/v2\/posts\/1996","targetHints":{"allow":["GET"]}}],"collection":[{"href":"https:\/\/dailynewsfreshz.com\/index.php?rest_route=\/wp\/v2\/posts"}],"about":[{"href":"https:\/\/dailynewsfreshz.com\/index.php?rest_route=\/wp\/v2\/types\/post"}],"author":[{"embeddable":true,"href":"https:\/\/dailynewsfreshz.com\/index.php?rest_route=\/wp\/v2\/users\/1"}],"replies":[{"embeddable":true,"href":"https:\/\/dailynewsfreshz.com\/index.php?rest_route=%2Fwp%2Fv2%2Fcomments&post=1996"}],"version-history":[{"count":1,"href":"https:\/\/dailynewsfreshz.com\/index.php?rest_route=\/wp\/v2\/posts\/1996\/revisions"}],"predecessor-version":[{"id":1998,"href":"https:\/\/dailynewsfreshz.com\/index.php?rest_route=\/wp\/v2\/posts\/1996\/revisions\/1998"}],"wp:attachment":[{"href":"https:\/\/dailynewsfreshz.com\/index.php?rest_route=%2Fwp%2Fv2%2Fmedia&parent=1996"}],"wp:term":[{"taxonomy":"category","embeddable":true,"href":"https:\/\/dailynewsfreshz.com\/index.php?rest_route=%2Fwp%2Fv2%2Fcategories&post=1996"},{"taxonomy":"post_tag","embeddable":true,"href":"https:\/\/dailynewsfreshz.com\/index.php?rest_route=%2Fwp%2Fv2%2Ftags&post=1996"}],"curies":[{"name":"wp","href":"https:\/\/api.w.org\/{rel}","templated":true}]}}