{"id":2017,"date":"2026-09-03T08:10:07","date_gmt":"2026-09-03T08:10:07","guid":{"rendered":"https:\/\/dailynewsfreshz.com\/?p=2017"},"modified":"2026-09-03T08:10:07","modified_gmt":"2026-09-03T08:10:07","slug":"kommunen-schlagen-bei-markus-lanz-alarm-deutschlands-stadte-geraten-finanziell-und-sozial-unter-druck","status":"publish","type":"post","link":"https:\/\/dailynewsfreshz.com\/?p=2017","title":{"rendered":"Kommunen schlagen bei \u201eMarkus Lanz\u201c Alarm: Deutschlands St\u00e4dte geraten finanziell und sozial unter Druck"},"content":{"rendered":"<h3><img loading=\"lazy\" decoding=\"async\" class=\"alignnone size-full wp-image-2018\" src=\"https:\/\/dailynewsfreshz.com\/wp-content\/uploads\/2026\/09\/790792193_122276977394180454_6702868206633552179_n.jpg\" alt=\"\" width=\"1200\" height=\"1500\" srcset=\"https:\/\/dailynewsfreshz.com\/wp-content\/uploads\/2026\/09\/790792193_122276977394180454_6702868206633552179_n.jpg 1200w, https:\/\/dailynewsfreshz.com\/wp-content\/uploads\/2026\/09\/790792193_122276977394180454_6702868206633552179_n-240x300.jpg 240w, https:\/\/dailynewsfreshz.com\/wp-content\/uploads\/2026\/09\/790792193_122276977394180454_6702868206633552179_n-819x1024.jpg 819w, https:\/\/dailynewsfreshz.com\/wp-content\/uploads\/2026\/09\/790792193_122276977394180454_6702868206633552179_n-768x960.jpg 768w\" sizes=\"auto, (max-width: 1200px) 100vw, 1200px\" \/><\/h3>\n<p>Die finanzielle Lage vieler deutscher St\u00e4dte und Gemeinden sorgt zunehmend f\u00fcr Besorgnis. In einer aktuellen Ausgabe der ZDF-Talkshow \u201eMarkus Lanz\u201c schilderten kommunale Spitzenvertreter eindringlich, mit welchen Problemen die Kommunen derzeit k\u00e4mpfen. Im Mittelpunkt standen vor allem wachsende Defizite, steigende Sozialausgaben, Integrationsfragen und die zunehmende Belastung der kommunalen Haushalte.<\/p>\n<p>Zu den G\u00e4sten geh\u00f6rten Jutta Steinruck, die scheidende Oberb\u00fcrgermeisterin von Ludwigshafen, sowie Achim Br\u00f6tel, Pr\u00e4sident des Deutschen Landkreistages. Beide zeichneten ein \u00e4u\u00dferst angespanntes Bild der Situation und forderten grundlegende Ver\u00e4nderungen bei der Finanzierung und Aufgabenverteilung zwischen Bund, L\u00e4ndern und Kommunen.<\/p>\n<h4>Milliardenloch bei den Kommunen<\/h4>\n<p>Besonders deutlich wurde die finanzielle Dimension der Probleme. Br\u00f6tel verwies in der Sendung darauf, dass sich das kommunale Defizit seit 2023 vervierfacht habe und inzwischen bei mehr als 24 Milliarden Euro liege. Als wichtige Belastungsfaktoren nannte er insbesondere steigende Sozialausgaben und die Kosten im Zusammenhang mit Migration.<\/p>\n<p>Damit geraten St\u00e4dte und Gemeinden zunehmend in einen schwierigen Zielkonflikt: Einerseits m\u00fcssen sie ihre Haushalte konsolidieren, andererseits sollen sie Schulen, soziale Einrichtungen, Infrastruktur und zahlreiche weitere \u00f6ffentliche Leistungen aufrechterhalten.<\/p>\n<p>Auch bei fr\u00fcheren Ausgaben von \u201eMarkus Lanz\u201c hatten Kommunalpolitiker auf die wachsende finanzielle Belastung hingewiesen. ZDF berichtete im Mai 2026, dass sich die G\u00e4ste einig gewesen seien, dass Bund und L\u00e4nder strukturelle Ver\u00e4nderungen angehen m\u00fcssten, damit Kommunen dauerhaft handlungsf\u00e4hig bleiben.<\/p>\n<h4>Ludwigshafen als besonders eindringliches Beispiel<\/h4>\n<p>Jutta Steinruck schilderte die Situation in Ludwigshafen besonders drastisch. Die hochverschuldete Stadt steht unter erheblichem Spardruck. Steinruck erkl\u00e4rte, dass die von ihr geforderten Einsparungen teilweise so weit gingen, dass sie sich pers\u00f6nlich daf\u00fcr verantwortlich f\u00fchle, wenn wichtige Leistungen f\u00fcr die Bev\u00f6lkerung nicht mehr ausreichend erbracht werden k\u00f6nnten.<\/p>\n<p>Auch die Situation an Schulen war Thema der Diskussion. Steinruck verwies auf Ludwigshafener Schulen, an denen der Anteil von Kindern mit Migrationshintergrund teilweise sehr hoch sei. Sie verband dies mit Problemen bei Integration, Sprachf\u00f6rderung und Bildungschancen.<\/p>\n<p>Gleichzeitig betonte sie, dass die Herausforderungen in Ludwigshafen nicht ausschlie\u00dflich mit Asylmigration erkl\u00e4rbar seien. Sie verwies auch auf Arbeitsmigration und Zuzug aus anderen EU-Staaten.<\/p>\n<h4>Streit \u00fcber Migration und Sozialstaat<\/h4>\n<p>Ein weiterer Schwerpunkt der Sendung war die Frage, wie Deutschland mit den langfristigen Kosten von Migration und Integration umgehen soll.<\/p>\n<p>Br\u00f6tel kritisierte die Vorstellung, dass sinkende Zahlen neu ankommender Asylsuchender automatisch zu einer schnellen Entlastung der Kommunen f\u00fchrten. Nach seiner Darstellung seien in den vergangenen zehn Jahren rund 2,8 Millionen Asylantr\u00e4ge gestellt worden. Hinzu k\u00e4men rund 1,2 Millionen Gefl\u00fcchtete aus der Ukraine. Die bereits in Deutschland lebenden Menschen m\u00fcssten weiterhin integriert und versorgt werden.<\/p>\n<p>Er warnte davor, die Entwicklung allein anhand der aktuellen Zugangszahlen zu beurteilen. Entscheidend sei vielmehr die langfristige Belastung der Kommunen und die Frage, wie Integration finanziert und organisiert werden k\u00f6nne.<\/p>\n<h4>Warnung vor wachsender politischer Radikalisierung<\/h4>\n<p>Besonders brisant war auch die politische Dimension der Debatte. Br\u00f6tel warnte davor, dass ungel\u00f6ste Probleme bei kommunalen Finanzen, Migration und Sozialleistungen die politische Stimmung weiter versch\u00e4rfen k\u00f6nnten.<\/p>\n<p>Wenn B\u00fcrger den Eindruck gew\u00e4nnen, dass grundlegende Probleme nicht gel\u00f6st w\u00fcrden, k\u00f6nne dies zu einer zunehmenden Radikalisierung der W\u00e4hlerschaft f\u00fchren. Damit werde die kommunale Finanzkrise auch zu einer politischen Herausforderung f\u00fcr die gesamte Bundesrepublik.<\/p>\n<h4>Kommunen fordern mehr Unterst\u00fctzung vom Bund<\/h4>\n<p>Die Diskussion macht deutlich, dass viele Kommunen nicht nur kurzfristige finanzielle Hilfe verlangen. Es geht vielmehr um eine grunds\u00e4tzliche Neuordnung der Aufgaben und der Finanzierung.<\/p>\n<p>St\u00e4dte und Gemeinden \u00fcbernehmen zahlreiche Aufgaben, deren Kosten in den vergangenen Jahren gestiegen sind. Gleichzeitig verf\u00fcgen sie vielerorts \u00fcber immer weniger finanziellen Spielraum f\u00fcr Investitionen, Infrastruktur und freiwillige Leistungen.<\/p>\n<p>Die zentrale Frage lautet deshalb: <strong>Wie lange k\u00f6nnen Kommunen ihre Aufgaben noch erf\u00fcllen, wenn Ausgaben weiter steigen und die Einnahmen nicht entsprechend wachsen?<\/strong><\/p>\n<p>Die Aussagen bei \u201eMarkus Lanz\u201c zeigen, dass diese Frage l\u00e4ngst nicht mehr nur Kommunalpolitiker besch\u00e4ftigt. Sie ber\u00fchrt zentrale Bereiche des deutschen Staates \u2013 von Bildung und Sozialleistungen \u00fcber Migration und Integration bis hin zur Zukunft der \u00f6ffentlichen Infrastruktur.<\/p>\n<p>Die Sendung lieferte damit einen eindringlichen Blick auf eine Entwicklung, die sich vielerorts bereits im Alltag bemerkbar macht: steigender Spardruck, knappe Haushalte und die Sorge, dass Kommunen zunehmend an die Grenzen ihrer Leistungsf\u00e4higkeit geraten.<\/p>\n","protected":false},"excerpt":{"rendered":"<p>Die finanzielle Lage vieler deutscher St\u00e4dte und Gemeinden sorgt zunehmend f\u00fcr Besorgnis. In einer aktuellen Ausgabe der ZDF-Talkshow \u201eMarkus Lanz\u201c schilderten kommunale Spitzenvertreter eindringlich, mit &hellip; <\/p>\n","protected":false},"author":1,"featured_media":0,"comment_status":"open","ping_status":"open","sticky":false,"template":"","format":"standard","meta":{"footnotes":""},"categories":[1],"tags":[],"class_list":["post-2017","post","type-post","status-publish","format-standard","hentry","category-uncategorized"],"aioseo_notices":[],"aioseo_head":"\n\t\t<!-- All in One SEO 5.0.0.1 - aioseo.com -->\n\t<meta name=\"description\" content=\"Die finanzielle Lage vieler deutscher St\u00e4dte und Gemeinden sorgt zunehmend f\u00fcr Besorgnis. In einer aktuellen Ausgabe der ZDF-Talkshow \u201eMarkus Lanz\u201c schilderten kommunale Spitzenvertreter eindringlich, mit welchen Problemen die Kommunen derzeit k\u00e4mpfen. Im Mittelpunkt standen vor allem wachsende Defizite, steigende Sozialausgaben, Integrationsfragen und die zunehmende Belastung der kommunalen Haushalte. Zu den G\u00e4sten geh\u00f6rten Jutta Steinruck, die\" \/>\n\t<meta name=\"robots\" content=\"max-image-preview:large\" \/>\n\t<meta name=\"author\" content=\"anhadmin\"\/>\n\t<link rel=\"canonical\" href=\"https:\/\/dailynewsfreshz.com\/?p=2017\" \/>\n\t<meta name=\"generator\" content=\"All in One SEO (AIOSEO) 5.0.0.1\" \/>\n\t\t<meta property=\"og:locale\" content=\"en_US\" \/>\n\t\t<meta property=\"og:site_name\" content=\"\u041f. \u041a. \u042f\u0432\u043e\u0440\u043e\u0432 -\" \/>\n\t\t<meta property=\"og:type\" content=\"article\" \/>\n\t\t<meta property=\"og:title\" content=\"Kommunen schlagen bei \u201eMarkus Lanz\u201c Alarm: Deutschlands St\u00e4dte geraten finanziell und sozial unter Druck - \u041f. \u041a. \u042f\u0432\u043e\u0440\u043e\u0432\" \/>\n\t\t<meta property=\"og:description\" content=\"Die finanzielle Lage vieler deutscher St\u00e4dte und Gemeinden sorgt zunehmend f\u00fcr Besorgnis. In einer aktuellen Ausgabe der ZDF-Talkshow \u201eMarkus Lanz\u201c schilderten kommunale Spitzenvertreter eindringlich, mit welchen Problemen die Kommunen derzeit k\u00e4mpfen. Im Mittelpunkt standen vor allem wachsende Defizite, steigende Sozialausgaben, Integrationsfragen und die zunehmende Belastung der kommunalen Haushalte. Zu den G\u00e4sten geh\u00f6rten Jutta Steinruck, die\" \/>\n\t\t<meta property=\"og:url\" content=\"https:\/\/dailynewsfreshz.com\/?p=2017\" \/>\n\t\t<meta property=\"article:published_time\" content=\"2026-09-03T08:10:07+00:00\" \/>\n\t\t<meta property=\"article:modified_time\" content=\"2026-09-03T08:10:07+00:00\" \/>\n\t\t<meta name=\"twitter:card\" content=\"summary_large_image\" \/>\n\t\t<meta name=\"twitter:title\" content=\"Kommunen schlagen bei \u201eMarkus Lanz\u201c Alarm: Deutschlands St\u00e4dte geraten finanziell und sozial unter Druck - \u041f. \u041a. \u042f\u0432\u043e\u0440\u043e\u0432\" \/>\n\t\t<meta name=\"twitter:description\" content=\"Die finanzielle Lage vieler deutscher St\u00e4dte und Gemeinden sorgt zunehmend f\u00fcr Besorgnis. In einer aktuellen Ausgabe der ZDF-Talkshow \u201eMarkus Lanz\u201c schilderten kommunale Spitzenvertreter eindringlich, mit welchen Problemen die Kommunen derzeit k\u00e4mpfen. Im Mittelpunkt standen vor allem wachsende Defizite, steigende Sozialausgaben, Integrationsfragen und die zunehmende Belastung der kommunalen Haushalte. Zu den G\u00e4sten geh\u00f6rten Jutta Steinruck, die\" \/>\n\t\t<script type=\"application\/ld+json\" class=\"aioseo-schema\">\n\t\t\t{\"@context\":\"https:\\\/\\\/schema.org\",\"@graph\":[{\"@type\":\"BlogPosting\",\"@id\":\"https:\\\/\\\/dailynewsfreshz.com\\\/?p=2017#blogposting\",\"name\":\"Kommunen schlagen bei \\u201eMarkus Lanz\\u201c Alarm: Deutschlands St\\u00e4dte geraten finanziell und sozial unter Druck - \\u041f. \\u041a. \\u042f\\u0432\\u043e\\u0440\\u043e\\u0432\",\"headline\":\"Kommunen schlagen bei \\u201eMarkus Lanz\\u201c Alarm: Deutschlands St\\u00e4dte geraten finanziell und sozial unter Druck\",\"author\":{\"@id\":\"https:\\\/\\\/dailynewsfreshz.com\\\/?author=1#author\"},\"publisher\":{\"@id\":\"https:\\\/\\\/dailynewsfreshz.com\\\/#organization\"},\"image\":{\"@type\":\"ImageObject\",\"url\":\"https:\\\/\\\/dailynewsfreshz.com\\\/wp-content\\\/uploads\\\/2026\\\/09\\\/790792193_122276977394180454_6702868206633552179_n.jpg\",\"@id\":\"https:\\\/\\\/dailynewsfreshz.com\\\/?p=2017\\\/#articleImage\",\"width\":1200,\"height\":1500},\"datePublished\":\"2026-09-03T08:10:07+00:00\",\"dateModified\":\"2026-09-03T08:10:07+00:00\",\"inLanguage\":\"en-US\",\"mainEntityOfPage\":{\"@id\":\"https:\\\/\\\/dailynewsfreshz.com\\\/?p=2017#webpage\"},\"isPartOf\":{\"@id\":\"https:\\\/\\\/dailynewsfreshz.com\\\/?p=2017#webpage\"},\"articleSection\":\"Uncategorized\"},{\"@type\":\"BreadcrumbList\",\"@id\":\"https:\\\/\\\/dailynewsfreshz.com\\\/?p=2017#breadcrumblist\",\"itemListElement\":[{\"@type\":\"ListItem\",\"@id\":\"https:\\\/\\\/dailynewsfreshz.com#listItem\",\"position\":1,\"name\":\"Home\",\"item\":\"https:\\\/\\\/dailynewsfreshz.com\",\"nextItem\":{\"@type\":\"ListItem\",\"@id\":\"https:\\\/\\\/dailynewsfreshz.com\\\/?cat=1#listItem\",\"name\":\"Uncategorized\"}},{\"@type\":\"ListItem\",\"@id\":\"https:\\\/\\\/dailynewsfreshz.com\\\/?cat=1#listItem\",\"position\":2,\"name\":\"Uncategorized\",\"item\":\"https:\\\/\\\/dailynewsfreshz.com\\\/?cat=1\",\"nextItem\":{\"@type\":\"ListItem\",\"@id\":\"https:\\\/\\\/dailynewsfreshz.com\\\/?p=2017#listItem\",\"name\":\"Kommunen schlagen bei \\u201eMarkus Lanz\\u201c Alarm: Deutschlands St\\u00e4dte geraten finanziell und sozial unter Druck\"},\"previousItem\":{\"@type\":\"ListItem\",\"@id\":\"https:\\\/\\\/dailynewsfreshz.com#listItem\",\"name\":\"Home\"}},{\"@type\":\"ListItem\",\"@id\":\"https:\\\/\\\/dailynewsfreshz.com\\\/?p=2017#listItem\",\"position\":3,\"name\":\"Kommunen schlagen bei \\u201eMarkus Lanz\\u201c Alarm: Deutschlands St\\u00e4dte geraten finanziell und sozial unter Druck\",\"previousItem\":{\"@type\":\"ListItem\",\"@id\":\"https:\\\/\\\/dailynewsfreshz.com\\\/?cat=1#listItem\",\"name\":\"Uncategorized\"}}]},{\"@type\":\"Organization\",\"@id\":\"https:\\\/\\\/dailynewsfreshz.com\\\/#organization\",\"name\":\"\\u041f. \\u041a. \\u042f\\u0432\\u043e\\u0440\\u043e\\u0432\",\"url\":\"https:\\\/\\\/dailynewsfreshz.com\\\/\"},{\"@type\":\"Person\",\"@id\":\"https:\\\/\\\/dailynewsfreshz.com\\\/?author=1#author\",\"url\":\"https:\\\/\\\/dailynewsfreshz.com\\\/?author=1\",\"name\":\"anhadmin\",\"image\":{\"@type\":\"ImageObject\",\"@id\":\"https:\\\/\\\/dailynewsfreshz.com\\\/?p=2017#authorImage\",\"url\":\"https:\\\/\\\/secure.gravatar.com\\\/avatar\\\/22be87b468f997ebfe839db21c763eafd9d869ab5e04973d7684c241e5d475a3?s=96&d=mm&r=g\",\"width\":96,\"height\":96,\"caption\":\"anhadmin\"}},{\"@type\":\"WebPage\",\"@id\":\"https:\\\/\\\/dailynewsfreshz.com\\\/?p=2017#webpage\",\"url\":\"https:\\\/\\\/dailynewsfreshz.com\\\/?p=2017\",\"name\":\"Kommunen schlagen bei \\u201eMarkus Lanz\\u201c Alarm: Deutschlands St\\u00e4dte geraten finanziell und sozial unter Druck - \\u041f. \\u041a. \\u042f\\u0432\\u043e\\u0440\\u043e\\u0432\",\"description\":\"Die finanzielle Lage vieler deutscher St\\u00e4dte und Gemeinden sorgt zunehmend f\\u00fcr Besorgnis. In einer aktuellen Ausgabe der ZDF-Talkshow \\u201eMarkus Lanz\\u201c schilderten kommunale Spitzenvertreter eindringlich, mit welchen Problemen die Kommunen derzeit k\\u00e4mpfen. Im Mittelpunkt standen vor allem wachsende Defizite, steigende Sozialausgaben, Integrationsfragen und die zunehmende Belastung der kommunalen Haushalte. Zu den G\\u00e4sten geh\\u00f6rten Jutta Steinruck, die\",\"inLanguage\":\"en-US\",\"isPartOf\":{\"@id\":\"https:\\\/\\\/dailynewsfreshz.com\\\/#website\"},\"breadcrumb\":{\"@id\":\"https:\\\/\\\/dailynewsfreshz.com\\\/?p=2017#breadcrumblist\"},\"author\":{\"@id\":\"https:\\\/\\\/dailynewsfreshz.com\\\/?author=1#author\"},\"creator\":{\"@id\":\"https:\\\/\\\/dailynewsfreshz.com\\\/?author=1#author\"},\"datePublished\":\"2026-09-03T08:10:07+00:00\",\"dateModified\":\"2026-09-03T08:10:07+00:00\"},{\"@type\":\"WebSite\",\"@id\":\"https:\\\/\\\/dailynewsfreshz.com\\\/#website\",\"url\":\"https:\\\/\\\/dailynewsfreshz.com\\\/\",\"name\":\"\\u041f. \\u041a. \\u042f\\u0432\\u043e\\u0440\\u043e\\u0432\",\"inLanguage\":\"en-US\",\"publisher\":{\"@id\":\"https:\\\/\\\/dailynewsfreshz.com\\\/#organization\"}}]}\n\t\t<\/script>\n\t\t<!-- All in One SEO -->\n\n","aioseo_head_json":{"title":"Kommunen schlagen bei \u201eMarkus Lanz\u201c Alarm: Deutschlands St\u00e4dte geraten finanziell und sozial unter Druck - \u041f. \u041a. \u042f\u0432\u043e\u0440\u043e\u0432","description":"Die finanzielle Lage vieler deutscher St\u00e4dte und Gemeinden sorgt zunehmend f\u00fcr Besorgnis. In einer aktuellen Ausgabe der ZDF-Talkshow \u201eMarkus Lanz\u201c schilderten kommunale Spitzenvertreter eindringlich, mit welchen Problemen die Kommunen derzeit k\u00e4mpfen. Im Mittelpunkt standen vor allem wachsende Defizite, steigende Sozialausgaben, Integrationsfragen und die zunehmende Belastung der kommunalen Haushalte. Zu den G\u00e4sten geh\u00f6rten Jutta Steinruck, die","canonical_url":"https:\/\/dailynewsfreshz.com\/?p=2017","robots":"max-image-preview:large","keywords":"","webmasterTools":{"miscellaneous":""},"schema":{"@context":"https:\/\/schema.org","@graph":[{"@type":"BlogPosting","@id":"https:\/\/dailynewsfreshz.com\/?p=2017#blogposting","name":"Kommunen schlagen bei \u201eMarkus Lanz\u201c Alarm: Deutschlands St\u00e4dte geraten finanziell und sozial unter Druck - \u041f. \u041a. \u042f\u0432\u043e\u0440\u043e\u0432","headline":"Kommunen schlagen bei \u201eMarkus Lanz\u201c Alarm: Deutschlands St\u00e4dte geraten finanziell und sozial unter Druck","author":{"@id":"https:\/\/dailynewsfreshz.com\/?author=1#author"},"publisher":{"@id":"https:\/\/dailynewsfreshz.com\/#organization"},"image":{"@type":"ImageObject","url":"https:\/\/dailynewsfreshz.com\/wp-content\/uploads\/2026\/09\/790792193_122276977394180454_6702868206633552179_n.jpg","@id":"https:\/\/dailynewsfreshz.com\/?p=2017\/#articleImage","width":1200,"height":1500},"datePublished":"2026-09-03T08:10:07+00:00","dateModified":"2026-09-03T08:10:07+00:00","inLanguage":"en-US","mainEntityOfPage":{"@id":"https:\/\/dailynewsfreshz.com\/?p=2017#webpage"},"isPartOf":{"@id":"https:\/\/dailynewsfreshz.com\/?p=2017#webpage"},"articleSection":"Uncategorized"},{"@type":"BreadcrumbList","@id":"https:\/\/dailynewsfreshz.com\/?p=2017#breadcrumblist","itemListElement":[{"@type":"ListItem","@id":"https:\/\/dailynewsfreshz.com#listItem","position":1,"name":"Home","item":"https:\/\/dailynewsfreshz.com","nextItem":{"@type":"ListItem","@id":"https:\/\/dailynewsfreshz.com\/?cat=1#listItem","name":"Uncategorized"}},{"@type":"ListItem","@id":"https:\/\/dailynewsfreshz.com\/?cat=1#listItem","position":2,"name":"Uncategorized","item":"https:\/\/dailynewsfreshz.com\/?cat=1","nextItem":{"@type":"ListItem","@id":"https:\/\/dailynewsfreshz.com\/?p=2017#listItem","name":"Kommunen schlagen bei \u201eMarkus Lanz\u201c Alarm: Deutschlands St\u00e4dte geraten finanziell und sozial unter Druck"},"previousItem":{"@type":"ListItem","@id":"https:\/\/dailynewsfreshz.com#listItem","name":"Home"}},{"@type":"ListItem","@id":"https:\/\/dailynewsfreshz.com\/?p=2017#listItem","position":3,"name":"Kommunen schlagen bei \u201eMarkus Lanz\u201c Alarm: Deutschlands St\u00e4dte geraten finanziell und sozial unter Druck","previousItem":{"@type":"ListItem","@id":"https:\/\/dailynewsfreshz.com\/?cat=1#listItem","name":"Uncategorized"}}]},{"@type":"Organization","@id":"https:\/\/dailynewsfreshz.com\/#organization","name":"\u041f. \u041a. \u042f\u0432\u043e\u0440\u043e\u0432","url":"https:\/\/dailynewsfreshz.com\/"},{"@type":"Person","@id":"https:\/\/dailynewsfreshz.com\/?author=1#author","url":"https:\/\/dailynewsfreshz.com\/?author=1","name":"anhadmin","image":{"@type":"ImageObject","@id":"https:\/\/dailynewsfreshz.com\/?p=2017#authorImage","url":"https:\/\/secure.gravatar.com\/avatar\/22be87b468f997ebfe839db21c763eafd9d869ab5e04973d7684c241e5d475a3?s=96&d=mm&r=g","width":96,"height":96,"caption":"anhadmin"}},{"@type":"WebPage","@id":"https:\/\/dailynewsfreshz.com\/?p=2017#webpage","url":"https:\/\/dailynewsfreshz.com\/?p=2017","name":"Kommunen schlagen bei \u201eMarkus Lanz\u201c Alarm: Deutschlands St\u00e4dte geraten finanziell und sozial unter Druck - \u041f. \u041a. \u042f\u0432\u043e\u0440\u043e\u0432","description":"Die finanzielle Lage vieler deutscher St\u00e4dte und Gemeinden sorgt zunehmend f\u00fcr Besorgnis. In einer aktuellen Ausgabe der ZDF-Talkshow \u201eMarkus Lanz\u201c schilderten kommunale Spitzenvertreter eindringlich, mit welchen Problemen die Kommunen derzeit k\u00e4mpfen. Im Mittelpunkt standen vor allem wachsende Defizite, steigende Sozialausgaben, Integrationsfragen und die zunehmende Belastung der kommunalen Haushalte. Zu den G\u00e4sten geh\u00f6rten Jutta Steinruck, die","inLanguage":"en-US","isPartOf":{"@id":"https:\/\/dailynewsfreshz.com\/#website"},"breadcrumb":{"@id":"https:\/\/dailynewsfreshz.com\/?p=2017#breadcrumblist"},"author":{"@id":"https:\/\/dailynewsfreshz.com\/?author=1#author"},"creator":{"@id":"https:\/\/dailynewsfreshz.com\/?author=1#author"},"datePublished":"2026-09-03T08:10:07+00:00","dateModified":"2026-09-03T08:10:07+00:00"},{"@type":"WebSite","@id":"https:\/\/dailynewsfreshz.com\/#website","url":"https:\/\/dailynewsfreshz.com\/","name":"\u041f. \u041a. \u042f\u0432\u043e\u0440\u043e\u0432","inLanguage":"en-US","publisher":{"@id":"https:\/\/dailynewsfreshz.com\/#organization"}}]},"og:locale":"en_US","og:site_name":"\u041f. \u041a. \u042f\u0432\u043e\u0440\u043e\u0432 -","og:type":"article","og:title":"Kommunen schlagen bei \u201eMarkus Lanz\u201c Alarm: Deutschlands St\u00e4dte geraten finanziell und sozial unter Druck - \u041f. \u041a. \u042f\u0432\u043e\u0440\u043e\u0432","og:description":"Die finanzielle Lage vieler deutscher St\u00e4dte und Gemeinden sorgt zunehmend f\u00fcr Besorgnis. In einer aktuellen Ausgabe der ZDF-Talkshow \u201eMarkus Lanz\u201c schilderten kommunale Spitzenvertreter eindringlich, mit welchen Problemen die Kommunen derzeit k\u00e4mpfen. Im Mittelpunkt standen vor allem wachsende Defizite, steigende Sozialausgaben, Integrationsfragen und die zunehmende Belastung der kommunalen Haushalte. Zu den G\u00e4sten geh\u00f6rten Jutta Steinruck, die","og:url":"https:\/\/dailynewsfreshz.com\/?p=2017","article:published_time":"2026-09-03T08:10:07+00:00","article:modified_time":"2026-09-03T08:10:07+00:00","twitter:card":"summary_large_image","twitter:title":"Kommunen schlagen bei \u201eMarkus Lanz\u201c Alarm: Deutschlands St\u00e4dte geraten finanziell und sozial unter Druck - \u041f. \u041a. \u042f\u0432\u043e\u0440\u043e\u0432","twitter:description":"Die finanzielle Lage vieler deutscher St\u00e4dte und Gemeinden sorgt zunehmend f\u00fcr Besorgnis. In einer aktuellen Ausgabe der ZDF-Talkshow \u201eMarkus Lanz\u201c schilderten kommunale Spitzenvertreter eindringlich, mit welchen Problemen die Kommunen derzeit k\u00e4mpfen. Im Mittelpunkt standen vor allem wachsende Defizite, steigende Sozialausgaben, Integrationsfragen und die zunehmende Belastung der kommunalen Haushalte. Zu den G\u00e4sten geh\u00f6rten Jutta Steinruck, die"},"aioseo_meta_data":{"post_id":"2017","title":null,"description":null,"keywords":null,"keyphrases":{"focus":{"keyphrase":"","score":0,"analysis":{"keyphraseInTitle":{"score":0,"maxScore":9,"error":1}}},"additional":[]},"primary_term":null,"canonical_url":null,"og_title":null,"og_description":null,"og_object_type":"default","og_image_type":"default","og_image_url":null,"og_image_width":null,"og_image_height":null,"og_image_custom_url":null,"og_image_custom_fields":null,"og_video":"","og_custom_url":null,"og_article_section":null,"og_article_tags":null,"twitter_use_og":false,"twitter_card":"default","twitter_image_type":"default","twitter_image_url":null,"twitter_image_custom_url":null,"twitter_image_custom_fields":null,"twitter_title":null,"twitter_description":null,"schema":{"blockGraphs":[],"customGraphs":[],"default":{"data":{"Article":[],"Course":[],"Dataset":[],"FAQPage":[],"Movie":[],"Person":[],"Product":[],"ProductReview":[],"Car":[],"Recipe":[],"Service":[],"SoftwareApplication":[],"WebPage":[]},"graphName":"BlogPosting","isEnabled":true},"graphs":[]},"schema_type":"default","schema_type_options":null,"pillar_content":false,"robots_default":true,"robots_noindex":false,"robots_noarchive":false,"robots_nosnippet":false,"robots_nofollow":false,"robots_noimageindex":false,"robots_noodp":false,"robots_notranslate":false,"robots_max_snippet":"-1","robots_max_videopreview":"-1","robots_max_imagepreview":"large","priority":null,"frequency":"default","local_seo":null,"breadcrumb_settings":null,"limit_modified_date":false,"ai":{"faqs":[],"keyPoints":[],"schemas":[],"titles":[],"descriptions":[],"socialPosts":{"email":{"subject":"","preview":"","content":""},"linkedin":[],"twitter":[],"facebook":[],"instagram":[]}},"created":"2026-09-03 08:10:07","updated":"2026-09-03 13:52:58","focus_keyword":null,"additional_keywords":null,"truseo_locale":null,"seo_analyzer_scan_date":null},"aioseo_breadcrumb":"<div class=\"aioseo-breadcrumbs\"><span class=\"aioseo-breadcrumb\">\n\t\t\t<a href=\"https:\/\/dailynewsfreshz.com\" title=\"Home\">Home<\/a>\n\t\t<\/span><span class=\"aioseo-breadcrumb-separator\">&raquo;<\/span><span class=\"aioseo-breadcrumb\">\n\t\t\t<a href=\"https:\/\/dailynewsfreshz.com\/?cat=1\" title=\"Uncategorized\">Uncategorized<\/a>\n\t\t<\/span><span class=\"aioseo-breadcrumb-separator\">&raquo;<\/span><span class=\"aioseo-breadcrumb\">\n\t\t\tKommunen schlagen bei \u201eMarkus Lanz\u201c Alarm: Deutschlands St\u00e4dte geraten finanziell und sozial unter Druck\n\t\t<\/span><\/div>","aioseo_breadcrumb_json":[{"label":"Home","link":"https:\/\/dailynewsfreshz.com"},{"label":"Uncategorized","link":"https:\/\/dailynewsfreshz.com\/?cat=1"},{"label":"Kommunen schlagen bei \u201eMarkus Lanz\u201c Alarm: Deutschlands St\u00e4dte geraten finanziell und sozial unter Druck","link":"https:\/\/dailynewsfreshz.com\/?p=2017"}],"_links":{"self":[{"href":"https:\/\/dailynewsfreshz.com\/index.php?rest_route=\/wp\/v2\/posts\/2017","targetHints":{"allow":["GET"]}}],"collection":[{"href":"https:\/\/dailynewsfreshz.com\/index.php?rest_route=\/wp\/v2\/posts"}],"about":[{"href":"https:\/\/dailynewsfreshz.com\/index.php?rest_route=\/wp\/v2\/types\/post"}],"author":[{"embeddable":true,"href":"https:\/\/dailynewsfreshz.com\/index.php?rest_route=\/wp\/v2\/users\/1"}],"replies":[{"embeddable":true,"href":"https:\/\/dailynewsfreshz.com\/index.php?rest_route=%2Fwp%2Fv2%2Fcomments&post=2017"}],"version-history":[{"count":1,"href":"https:\/\/dailynewsfreshz.com\/index.php?rest_route=\/wp\/v2\/posts\/2017\/revisions"}],"predecessor-version":[{"id":2019,"href":"https:\/\/dailynewsfreshz.com\/index.php?rest_route=\/wp\/v2\/posts\/2017\/revisions\/2019"}],"wp:attachment":[{"href":"https:\/\/dailynewsfreshz.com\/index.php?rest_route=%2Fwp%2Fv2%2Fmedia&parent=2017"}],"wp:term":[{"taxonomy":"category","embeddable":true,"href":"https:\/\/dailynewsfreshz.com\/index.php?rest_route=%2Fwp%2Fv2%2Fcategories&post=2017"},{"taxonomy":"post_tag","embeddable":true,"href":"https:\/\/dailynewsfreshz.com\/index.php?rest_route=%2Fwp%2Fv2%2Ftags&post=2017"}],"curies":[{"name":"wp","href":"https:\/\/api.w.org\/{rel}","templated":true}]}}