{"id":2023,"date":"2026-09-03T14:00:55","date_gmt":"2026-09-03T14:00:55","guid":{"rendered":"https:\/\/dailynewsfreshz.com\/?p=2023"},"modified":"2026-09-03T14:00:55","modified_gmt":"2026-09-03T14:00:55","slug":"scharfe-worte-im-tv-kinderarztin-stellt-friedrich-merz-zur-rede","status":"publish","type":"post","link":"https:\/\/dailynewsfreshz.com\/?p=2023","title":{"rendered":"Scharfe Worte im TV: Kinder\u00e4rztin stellt Friedrich Merz zur Rede"},"content":{"rendered":"<h1><img loading=\"lazy\" decoding=\"async\" class=\"alignnone size-full wp-image-2024\" src=\"https:\/\/dailynewsfreshz.com\/wp-content\/uploads\/2026\/09\/790307899_936857222797464_2376629460509972074_n.jpg\" alt=\"\" width=\"1613\" height=\"2000\" srcset=\"https:\/\/dailynewsfreshz.com\/wp-content\/uploads\/2026\/09\/790307899_936857222797464_2376629460509972074_n.jpg 1613w, https:\/\/dailynewsfreshz.com\/wp-content\/uploads\/2026\/09\/790307899_936857222797464_2376629460509972074_n-242x300.jpg 242w, https:\/\/dailynewsfreshz.com\/wp-content\/uploads\/2026\/09\/790307899_936857222797464_2376629460509972074_n-826x1024.jpg 826w, https:\/\/dailynewsfreshz.com\/wp-content\/uploads\/2026\/09\/790307899_936857222797464_2376629460509972074_n-768x952.jpg 768w, https:\/\/dailynewsfreshz.com\/wp-content\/uploads\/2026\/09\/790307899_936857222797464_2376629460509972074_n-1239x1536.jpg 1239w\" sizes=\"auto, (max-width: 1613px) 100vw, 1613px\" \/><\/h1>\n<p>Ein B\u00fcrgerdialog mit Bundeskanzler Friedrich Merz nahm eine unerwartet konfrontative Wendung. Was als Gespr\u00e4ch mit B\u00fcrgerinnen und B\u00fcrgern geplant war, entwickelte sich zu einer hitzigen Diskussion \u00fcber die deutsche Gesundheitspolitik.<\/p>\n<p>In der Sendung <strong>\u201eAm Tisch mit Friedrich Merz\u201c<\/strong>, moderiert von Pinar Atalay, sollten Zuschauerinnen und Zuschauer ihre Fragen direkt an den Regierungschef richten. Doch insbesondere beim Thema Gesundheitsversorgung wurde schnell deutlich, wie weit die Positionen auseinanderliegen.<\/p>\n<h2>Gesundheitspolitik wird zum Streitpunkt<\/h2>\n<p>Im Mittelpunkt stand die angespannte finanzielle Situation der gesetzlichen Krankenversicherung. \u00dcber m\u00f6gliche Einsparungen wird derzeit kontrovers diskutiert. Kritiker warnen vor einem harten Sparkurs und bef\u00fcrchten, dass K\u00fcrzungen letztlich bei Patienten und medizinischem Personal ankommen k\u00f6nnten. Bef\u00fcrworter solcher Ma\u00dfnahmen verweisen dagegen auf die schwierige Haushaltslage und die Notwendigkeit, die Ausgaben langfristig unter Kontrolle zu bringen.<\/p>\n<p>Die Debatte erhielt zus\u00e4tzliche Sch\u00e4rfe, als eine anwesende Kinder\u00e4rztin ihre Kritik an der politischen Linie deutlich formulierte. Ihre Wortwahl fiel ungew\u00f6hnlich deutlich aus und sorgte f\u00fcr Aufmerksamkeit.<\/p>\n<h2>Deutliche Kritik an Merz<\/h2>\n<p>Die \u00c4rztin argumentierte aus der Perspektive des medizinischen Alltags und machte deutlich, welche Folgen finanzielle Einschnitte ihrer Ansicht nach f\u00fcr Patienten haben k\u00f6nnten. Besonders bei Kindern und Familien k\u00f6nne ein zunehmender Kostendruck zu Problemen f\u00fchren, so die Sto\u00dfrichtung ihrer Kritik.<\/p>\n<p>Dabei fiel auch der schwerwiegende Vorwurf, die Haltung des Kanzlers sei \u201emenschenverachtend\u201c. Die Aussage verlieh der ohnehin angespannten Gespr\u00e4chssituation eine neue Dimension.<\/p>\n<p>Merz lie\u00df die Kritik jedoch nicht unbeantwortet. Der Regierungschef verteidigte seine Position und verwies auf die politischen und finanziellen Herausforderungen, vor denen Deutschland stehe. Damit entwickelte sich aus dem geplanten B\u00fcrgerdialog zunehmend ein direkter Schlagabtausch.<\/p>\n<h2>Moderatorin versucht zu vermitteln<\/h2>\n<p>Moderatorin Pinar Atalay stand w\u00e4hrend der Diskussion vor der schwierigen Aufgabe, zwischen den unterschiedlichen Positionen zu vermitteln. Statt eines lockeren Gespr\u00e4chs entstand eine sichtbar angespannte Atmosph\u00e4re im Studio.<\/p>\n<p>Gerade die Kombination aus gesundheitspolitischen Sparpl\u00e4nen, pers\u00f6nlicher Betroffenheit und den deutlichen Worten der \u00c4rztin machte den Moment zu einem der auff\u00e4lligsten Teile der Sendung.<\/p>\n<h2>Warum die Debatte f\u00fcr Aufmerksamkeit sorgt<\/h2>\n<p>Die Auseinandersetzung zeigt, wie emotional die Diskussion \u00fcber die Zukunft des deutschen Gesundheitssystems inzwischen gef\u00fchrt wird. F\u00fcr \u00c4rzte und medizinisches Personal geht es um Arbeitsbedingungen und Versorgung. F\u00fcr Patienten geht es um den Zugang zu Leistungen und die Frage, wie stark sie k\u00fcnftig finanziell belastet werden.<\/p>\n<p>Die Sendung machte damit deutlich, dass gesundheitspolitische Entscheidungen nicht nur abstrakte Haushaltsfragen sind. Sie haben unmittelbare Auswirkungen auf Menschen, die t\u00e4glich auf medizinische Versorgung angewiesen sind.<\/p>\n<p>Der Fernsehauftritt d\u00fcrfte deshalb auch \u00fcber die Sendung hinaus f\u00fcr Diskussionen sorgen. Vor allem die ungew\u00f6hnlich deutliche Wortwahl gegen\u00fcber Friedrich Merz r\u00fcckte den Auftritt der Kinder\u00e4rztin in den Mittelpunkt.<\/p>\n<p><em>Hinweis: Die zugrunde liegende Quelle schildert die Konfrontation und die \u00c4u\u00dferung der Kinder\u00e4rztin, enth\u00e4lt jedoch nur begrenzte Angaben zu ihrer Identit\u00e4t und zu weiteren Details des Gespr\u00e4chs. Die Darstellung oben beschr\u00e4nkt sich daher auf die dort belegten Informationen.<\/em><\/p>\n","protected":false},"excerpt":{"rendered":"<p>Ein B\u00fcrgerdialog mit Bundeskanzler Friedrich Merz nahm eine unerwartet konfrontative Wendung. Was als Gespr\u00e4ch mit B\u00fcrgerinnen und B\u00fcrgern geplant war, entwickelte sich zu einer hitzigen &hellip; <\/p>\n","protected":false},"author":1,"featured_media":0,"comment_status":"open","ping_status":"open","sticky":false,"template":"","format":"standard","meta":{"footnotes":""},"categories":[1],"tags":[],"class_list":["post-2023","post","type-post","status-publish","format-standard","hentry","category-uncategorized"],"aioseo_notices":[],"aioseo_head":"\n\t\t<!-- All in One SEO 5.0.0.1 - aioseo.com -->\n\t<meta name=\"description\" content=\"Ein B\u00fcrgerdialog mit Bundeskanzler Friedrich Merz nahm eine unerwartet konfrontative Wendung. Was als Gespr\u00e4ch mit B\u00fcrgerinnen und B\u00fcrgern geplant war, entwickelte sich zu einer hitzigen Diskussion \u00fcber die deutsche Gesundheitspolitik. In der Sendung \u201eAm Tisch mit Friedrich Merz\u201c, moderiert von Pinar Atalay, sollten Zuschauerinnen und Zuschauer ihre Fragen direkt an den Regierungschef richten. Doch insbesondere\" \/>\n\t<meta name=\"robots\" content=\"max-image-preview:large\" \/>\n\t<meta name=\"author\" content=\"anhadmin\"\/>\n\t<link rel=\"canonical\" href=\"https:\/\/dailynewsfreshz.com\/?p=2023\" \/>\n\t<meta name=\"generator\" content=\"All in One SEO (AIOSEO) 5.0.0.1\" \/>\n\t\t<meta property=\"og:locale\" content=\"en_US\" \/>\n\t\t<meta property=\"og:site_name\" content=\"\u041f. \u041a. \u042f\u0432\u043e\u0440\u043e\u0432 -\" \/>\n\t\t<meta property=\"og:type\" content=\"article\" \/>\n\t\t<meta property=\"og:title\" content=\"Scharfe Worte im TV: Kinder\u00e4rztin stellt Friedrich Merz zur Rede - \u041f. \u041a. \u042f\u0432\u043e\u0440\u043e\u0432\" \/>\n\t\t<meta property=\"og:description\" content=\"Ein B\u00fcrgerdialog mit Bundeskanzler Friedrich Merz nahm eine unerwartet konfrontative Wendung. Was als Gespr\u00e4ch mit B\u00fcrgerinnen und B\u00fcrgern geplant war, entwickelte sich zu einer hitzigen Diskussion \u00fcber die deutsche Gesundheitspolitik. In der Sendung \u201eAm Tisch mit Friedrich Merz\u201c, moderiert von Pinar Atalay, sollten Zuschauerinnen und Zuschauer ihre Fragen direkt an den Regierungschef richten. Doch insbesondere\" \/>\n\t\t<meta property=\"og:url\" content=\"https:\/\/dailynewsfreshz.com\/?p=2023\" \/>\n\t\t<meta property=\"article:published_time\" content=\"2026-09-03T14:00:55+00:00\" \/>\n\t\t<meta property=\"article:modified_time\" content=\"2026-09-03T14:00:55+00:00\" \/>\n\t\t<meta name=\"twitter:card\" content=\"summary_large_image\" \/>\n\t\t<meta name=\"twitter:title\" content=\"Scharfe Worte im TV: Kinder\u00e4rztin stellt Friedrich Merz zur Rede - \u041f. \u041a. \u042f\u0432\u043e\u0440\u043e\u0432\" \/>\n\t\t<meta name=\"twitter:description\" content=\"Ein B\u00fcrgerdialog mit Bundeskanzler Friedrich Merz nahm eine unerwartet konfrontative Wendung. Was als Gespr\u00e4ch mit B\u00fcrgerinnen und B\u00fcrgern geplant war, entwickelte sich zu einer hitzigen Diskussion \u00fcber die deutsche Gesundheitspolitik. In der Sendung \u201eAm Tisch mit Friedrich Merz\u201c, moderiert von Pinar Atalay, sollten Zuschauerinnen und Zuschauer ihre Fragen direkt an den Regierungschef richten. Doch insbesondere\" \/>\n\t\t<script type=\"application\/ld+json\" class=\"aioseo-schema\">\n\t\t\t{\"@context\":\"https:\\\/\\\/schema.org\",\"@graph\":[{\"@type\":\"BlogPosting\",\"@id\":\"https:\\\/\\\/dailynewsfreshz.com\\\/?p=2023#blogposting\",\"name\":\"Scharfe Worte im TV: Kinder\\u00e4rztin stellt Friedrich Merz zur Rede - \\u041f. \\u041a. \\u042f\\u0432\\u043e\\u0440\\u043e\\u0432\",\"headline\":\"Scharfe Worte im TV: Kinder\\u00e4rztin stellt Friedrich Merz zur Rede\",\"author\":{\"@id\":\"https:\\\/\\\/dailynewsfreshz.com\\\/?author=1#author\"},\"publisher\":{\"@id\":\"https:\\\/\\\/dailynewsfreshz.com\\\/#organization\"},\"image\":{\"@type\":\"ImageObject\",\"url\":\"https:\\\/\\\/dailynewsfreshz.com\\\/wp-content\\\/uploads\\\/2026\\\/09\\\/790307899_936857222797464_2376629460509972074_n.jpg\",\"@id\":\"https:\\\/\\\/dailynewsfreshz.com\\\/?p=2023\\\/#articleImage\",\"width\":1613,\"height\":2000},\"datePublished\":\"2026-09-03T14:00:55+00:00\",\"dateModified\":\"2026-09-03T14:00:55+00:00\",\"inLanguage\":\"en-US\",\"mainEntityOfPage\":{\"@id\":\"https:\\\/\\\/dailynewsfreshz.com\\\/?p=2023#webpage\"},\"isPartOf\":{\"@id\":\"https:\\\/\\\/dailynewsfreshz.com\\\/?p=2023#webpage\"},\"articleSection\":\"Uncategorized\"},{\"@type\":\"BreadcrumbList\",\"@id\":\"https:\\\/\\\/dailynewsfreshz.com\\\/?p=2023#breadcrumblist\",\"itemListElement\":[{\"@type\":\"ListItem\",\"@id\":\"https:\\\/\\\/dailynewsfreshz.com#listItem\",\"position\":1,\"name\":\"Home\",\"item\":\"https:\\\/\\\/dailynewsfreshz.com\",\"nextItem\":{\"@type\":\"ListItem\",\"@id\":\"https:\\\/\\\/dailynewsfreshz.com\\\/?cat=1#listItem\",\"name\":\"Uncategorized\"}},{\"@type\":\"ListItem\",\"@id\":\"https:\\\/\\\/dailynewsfreshz.com\\\/?cat=1#listItem\",\"position\":2,\"name\":\"Uncategorized\",\"item\":\"https:\\\/\\\/dailynewsfreshz.com\\\/?cat=1\",\"nextItem\":{\"@type\":\"ListItem\",\"@id\":\"https:\\\/\\\/dailynewsfreshz.com\\\/?p=2023#listItem\",\"name\":\"Scharfe Worte im TV: Kinder\\u00e4rztin stellt Friedrich Merz zur Rede\"},\"previousItem\":{\"@type\":\"ListItem\",\"@id\":\"https:\\\/\\\/dailynewsfreshz.com#listItem\",\"name\":\"Home\"}},{\"@type\":\"ListItem\",\"@id\":\"https:\\\/\\\/dailynewsfreshz.com\\\/?p=2023#listItem\",\"position\":3,\"name\":\"Scharfe Worte im TV: Kinder\\u00e4rztin stellt Friedrich Merz zur Rede\",\"previousItem\":{\"@type\":\"ListItem\",\"@id\":\"https:\\\/\\\/dailynewsfreshz.com\\\/?cat=1#listItem\",\"name\":\"Uncategorized\"}}]},{\"@type\":\"Organization\",\"@id\":\"https:\\\/\\\/dailynewsfreshz.com\\\/#organization\",\"name\":\"\\u041f. \\u041a. \\u042f\\u0432\\u043e\\u0440\\u043e\\u0432\",\"url\":\"https:\\\/\\\/dailynewsfreshz.com\\\/\"},{\"@type\":\"Person\",\"@id\":\"https:\\\/\\\/dailynewsfreshz.com\\\/?author=1#author\",\"url\":\"https:\\\/\\\/dailynewsfreshz.com\\\/?author=1\",\"name\":\"anhadmin\",\"image\":{\"@type\":\"ImageObject\",\"@id\":\"https:\\\/\\\/dailynewsfreshz.com\\\/?p=2023#authorImage\",\"url\":\"https:\\\/\\\/secure.gravatar.com\\\/avatar\\\/22be87b468f997ebfe839db21c763eafd9d869ab5e04973d7684c241e5d475a3?s=96&d=mm&r=g\",\"width\":96,\"height\":96,\"caption\":\"anhadmin\"}},{\"@type\":\"WebPage\",\"@id\":\"https:\\\/\\\/dailynewsfreshz.com\\\/?p=2023#webpage\",\"url\":\"https:\\\/\\\/dailynewsfreshz.com\\\/?p=2023\",\"name\":\"Scharfe Worte im TV: Kinder\\u00e4rztin stellt Friedrich Merz zur Rede - \\u041f. \\u041a. \\u042f\\u0432\\u043e\\u0440\\u043e\\u0432\",\"description\":\"Ein B\\u00fcrgerdialog mit Bundeskanzler Friedrich Merz nahm eine unerwartet konfrontative Wendung. Was als Gespr\\u00e4ch mit B\\u00fcrgerinnen und B\\u00fcrgern geplant war, entwickelte sich zu einer hitzigen Diskussion \\u00fcber die deutsche Gesundheitspolitik. In der Sendung \\u201eAm Tisch mit Friedrich Merz\\u201c, moderiert von Pinar Atalay, sollten Zuschauerinnen und Zuschauer ihre Fragen direkt an den Regierungschef richten. Doch insbesondere\",\"inLanguage\":\"en-US\",\"isPartOf\":{\"@id\":\"https:\\\/\\\/dailynewsfreshz.com\\\/#website\"},\"breadcrumb\":{\"@id\":\"https:\\\/\\\/dailynewsfreshz.com\\\/?p=2023#breadcrumblist\"},\"author\":{\"@id\":\"https:\\\/\\\/dailynewsfreshz.com\\\/?author=1#author\"},\"creator\":{\"@id\":\"https:\\\/\\\/dailynewsfreshz.com\\\/?author=1#author\"},\"datePublished\":\"2026-09-03T14:00:55+00:00\",\"dateModified\":\"2026-09-03T14:00:55+00:00\"},{\"@type\":\"WebSite\",\"@id\":\"https:\\\/\\\/dailynewsfreshz.com\\\/#website\",\"url\":\"https:\\\/\\\/dailynewsfreshz.com\\\/\",\"name\":\"\\u041f. \\u041a. \\u042f\\u0432\\u043e\\u0440\\u043e\\u0432\",\"inLanguage\":\"en-US\",\"publisher\":{\"@id\":\"https:\\\/\\\/dailynewsfreshz.com\\\/#organization\"}}]}\n\t\t<\/script>\n\t\t<!-- All in One SEO -->\n\n","aioseo_head_json":{"title":"Scharfe Worte im TV: Kinder\u00e4rztin stellt Friedrich Merz zur Rede - \u041f. \u041a. \u042f\u0432\u043e\u0440\u043e\u0432","description":"Ein B\u00fcrgerdialog mit Bundeskanzler Friedrich Merz nahm eine unerwartet konfrontative Wendung. Was als Gespr\u00e4ch mit B\u00fcrgerinnen und B\u00fcrgern geplant war, entwickelte sich zu einer hitzigen Diskussion \u00fcber die deutsche Gesundheitspolitik. In der Sendung \u201eAm Tisch mit Friedrich Merz\u201c, moderiert von Pinar Atalay, sollten Zuschauerinnen und Zuschauer ihre Fragen direkt an den Regierungschef richten. Doch insbesondere","canonical_url":"https:\/\/dailynewsfreshz.com\/?p=2023","robots":"max-image-preview:large","keywords":"","webmasterTools":{"miscellaneous":""},"schema":{"@context":"https:\/\/schema.org","@graph":[{"@type":"BlogPosting","@id":"https:\/\/dailynewsfreshz.com\/?p=2023#blogposting","name":"Scharfe Worte im TV: Kinder\u00e4rztin stellt Friedrich Merz zur Rede - \u041f. \u041a. \u042f\u0432\u043e\u0440\u043e\u0432","headline":"Scharfe Worte im TV: Kinder\u00e4rztin stellt Friedrich Merz zur Rede","author":{"@id":"https:\/\/dailynewsfreshz.com\/?author=1#author"},"publisher":{"@id":"https:\/\/dailynewsfreshz.com\/#organization"},"image":{"@type":"ImageObject","url":"https:\/\/dailynewsfreshz.com\/wp-content\/uploads\/2026\/09\/790307899_936857222797464_2376629460509972074_n.jpg","@id":"https:\/\/dailynewsfreshz.com\/?p=2023\/#articleImage","width":1613,"height":2000},"datePublished":"2026-09-03T14:00:55+00:00","dateModified":"2026-09-03T14:00:55+00:00","inLanguage":"en-US","mainEntityOfPage":{"@id":"https:\/\/dailynewsfreshz.com\/?p=2023#webpage"},"isPartOf":{"@id":"https:\/\/dailynewsfreshz.com\/?p=2023#webpage"},"articleSection":"Uncategorized"},{"@type":"BreadcrumbList","@id":"https:\/\/dailynewsfreshz.com\/?p=2023#breadcrumblist","itemListElement":[{"@type":"ListItem","@id":"https:\/\/dailynewsfreshz.com#listItem","position":1,"name":"Home","item":"https:\/\/dailynewsfreshz.com","nextItem":{"@type":"ListItem","@id":"https:\/\/dailynewsfreshz.com\/?cat=1#listItem","name":"Uncategorized"}},{"@type":"ListItem","@id":"https:\/\/dailynewsfreshz.com\/?cat=1#listItem","position":2,"name":"Uncategorized","item":"https:\/\/dailynewsfreshz.com\/?cat=1","nextItem":{"@type":"ListItem","@id":"https:\/\/dailynewsfreshz.com\/?p=2023#listItem","name":"Scharfe Worte im TV: Kinder\u00e4rztin stellt Friedrich Merz zur Rede"},"previousItem":{"@type":"ListItem","@id":"https:\/\/dailynewsfreshz.com#listItem","name":"Home"}},{"@type":"ListItem","@id":"https:\/\/dailynewsfreshz.com\/?p=2023#listItem","position":3,"name":"Scharfe Worte im TV: Kinder\u00e4rztin stellt Friedrich Merz zur Rede","previousItem":{"@type":"ListItem","@id":"https:\/\/dailynewsfreshz.com\/?cat=1#listItem","name":"Uncategorized"}}]},{"@type":"Organization","@id":"https:\/\/dailynewsfreshz.com\/#organization","name":"\u041f. \u041a. \u042f\u0432\u043e\u0440\u043e\u0432","url":"https:\/\/dailynewsfreshz.com\/"},{"@type":"Person","@id":"https:\/\/dailynewsfreshz.com\/?author=1#author","url":"https:\/\/dailynewsfreshz.com\/?author=1","name":"anhadmin","image":{"@type":"ImageObject","@id":"https:\/\/dailynewsfreshz.com\/?p=2023#authorImage","url":"https:\/\/secure.gravatar.com\/avatar\/22be87b468f997ebfe839db21c763eafd9d869ab5e04973d7684c241e5d475a3?s=96&d=mm&r=g","width":96,"height":96,"caption":"anhadmin"}},{"@type":"WebPage","@id":"https:\/\/dailynewsfreshz.com\/?p=2023#webpage","url":"https:\/\/dailynewsfreshz.com\/?p=2023","name":"Scharfe Worte im TV: Kinder\u00e4rztin stellt Friedrich Merz zur Rede - \u041f. \u041a. \u042f\u0432\u043e\u0440\u043e\u0432","description":"Ein B\u00fcrgerdialog mit Bundeskanzler Friedrich Merz nahm eine unerwartet konfrontative Wendung. Was als Gespr\u00e4ch mit B\u00fcrgerinnen und B\u00fcrgern geplant war, entwickelte sich zu einer hitzigen Diskussion \u00fcber die deutsche Gesundheitspolitik. In der Sendung \u201eAm Tisch mit Friedrich Merz\u201c, moderiert von Pinar Atalay, sollten Zuschauerinnen und Zuschauer ihre Fragen direkt an den Regierungschef richten. Doch insbesondere","inLanguage":"en-US","isPartOf":{"@id":"https:\/\/dailynewsfreshz.com\/#website"},"breadcrumb":{"@id":"https:\/\/dailynewsfreshz.com\/?p=2023#breadcrumblist"},"author":{"@id":"https:\/\/dailynewsfreshz.com\/?author=1#author"},"creator":{"@id":"https:\/\/dailynewsfreshz.com\/?author=1#author"},"datePublished":"2026-09-03T14:00:55+00:00","dateModified":"2026-09-03T14:00:55+00:00"},{"@type":"WebSite","@id":"https:\/\/dailynewsfreshz.com\/#website","url":"https:\/\/dailynewsfreshz.com\/","name":"\u041f. \u041a. \u042f\u0432\u043e\u0440\u043e\u0432","inLanguage":"en-US","publisher":{"@id":"https:\/\/dailynewsfreshz.com\/#organization"}}]},"og:locale":"en_US","og:site_name":"\u041f. \u041a. \u042f\u0432\u043e\u0440\u043e\u0432 -","og:type":"article","og:title":"Scharfe Worte im TV: Kinder\u00e4rztin stellt Friedrich Merz zur Rede - \u041f. \u041a. \u042f\u0432\u043e\u0440\u043e\u0432","og:description":"Ein B\u00fcrgerdialog mit Bundeskanzler Friedrich Merz nahm eine unerwartet konfrontative Wendung. Was als Gespr\u00e4ch mit B\u00fcrgerinnen und B\u00fcrgern geplant war, entwickelte sich zu einer hitzigen Diskussion \u00fcber die deutsche Gesundheitspolitik. In der Sendung \u201eAm Tisch mit Friedrich Merz\u201c, moderiert von Pinar Atalay, sollten Zuschauerinnen und Zuschauer ihre Fragen direkt an den Regierungschef richten. Doch insbesondere","og:url":"https:\/\/dailynewsfreshz.com\/?p=2023","article:published_time":"2026-09-03T14:00:55+00:00","article:modified_time":"2026-09-03T14:00:55+00:00","twitter:card":"summary_large_image","twitter:title":"Scharfe Worte im TV: Kinder\u00e4rztin stellt Friedrich Merz zur Rede - \u041f. \u041a. \u042f\u0432\u043e\u0440\u043e\u0432","twitter:description":"Ein B\u00fcrgerdialog mit Bundeskanzler Friedrich Merz nahm eine unerwartet konfrontative Wendung. Was als Gespr\u00e4ch mit B\u00fcrgerinnen und B\u00fcrgern geplant war, entwickelte sich zu einer hitzigen Diskussion \u00fcber die deutsche Gesundheitspolitik. In der Sendung \u201eAm Tisch mit Friedrich Merz\u201c, moderiert von Pinar Atalay, sollten Zuschauerinnen und Zuschauer ihre Fragen direkt an den Regierungschef richten. Doch insbesondere"},"aioseo_meta_data":{"post_id":"2023","title":null,"description":null,"keywords":null,"keyphrases":{"focus":{"keyphrase":"","score":0,"analysis":{"keyphraseInTitle":{"score":0,"maxScore":9,"error":1}}},"additional":[]},"primary_term":null,"canonical_url":null,"og_title":null,"og_description":null,"og_object_type":"default","og_image_type":"default","og_image_url":null,"og_image_width":null,"og_image_height":null,"og_image_custom_url":null,"og_image_custom_fields":null,"og_video":"","og_custom_url":null,"og_article_section":null,"og_article_tags":null,"twitter_use_og":false,"twitter_card":"default","twitter_image_type":"default","twitter_image_url":null,"twitter_image_custom_url":null,"twitter_image_custom_fields":null,"twitter_title":null,"twitter_description":null,"schema":{"blockGraphs":[],"customGraphs":[],"default":{"data":{"Article":[],"Course":[],"Dataset":[],"FAQPage":[],"Movie":[],"Person":[],"Product":[],"ProductReview":[],"Car":[],"Recipe":[],"Service":[],"SoftwareApplication":[],"WebPage":[]},"graphName":"BlogPosting","isEnabled":true},"graphs":[]},"schema_type":"default","schema_type_options":null,"pillar_content":false,"robots_default":true,"robots_noindex":false,"robots_noarchive":false,"robots_nosnippet":false,"robots_nofollow":false,"robots_noimageindex":false,"robots_noodp":false,"robots_notranslate":false,"robots_max_snippet":"-1","robots_max_videopreview":"-1","robots_max_imagepreview":"large","priority":null,"frequency":"default","local_seo":null,"breadcrumb_settings":null,"limit_modified_date":false,"ai":{"faqs":[],"keyPoints":[],"schemas":[],"titles":[],"descriptions":[],"socialPosts":{"email":{"subject":"","preview":"","content":""},"linkedin":[],"twitter":[],"facebook":[],"instagram":[]}},"created":"2026-09-03 14:00:55","updated":"2026-09-03 14:00:55","focus_keyword":null,"additional_keywords":null,"truseo_locale":null,"seo_analyzer_scan_date":null},"aioseo_breadcrumb":"<div class=\"aioseo-breadcrumbs\"><span class=\"aioseo-breadcrumb\">\n\t\t\t<a href=\"https:\/\/dailynewsfreshz.com\" title=\"Home\">Home<\/a>\n\t\t<\/span><span class=\"aioseo-breadcrumb-separator\">&raquo;<\/span><span class=\"aioseo-breadcrumb\">\n\t\t\t<a href=\"https:\/\/dailynewsfreshz.com\/?cat=1\" title=\"Uncategorized\">Uncategorized<\/a>\n\t\t<\/span><span class=\"aioseo-breadcrumb-separator\">&raquo;<\/span><span class=\"aioseo-breadcrumb\">\n\t\t\tScharfe Worte im TV: Kinder\u00e4rztin stellt Friedrich Merz zur Rede\n\t\t<\/span><\/div>","aioseo_breadcrumb_json":[{"label":"Home","link":"https:\/\/dailynewsfreshz.com"},{"label":"Uncategorized","link":"https:\/\/dailynewsfreshz.com\/?cat=1"},{"label":"Scharfe Worte im TV: Kinder\u00e4rztin stellt Friedrich Merz zur Rede","link":"https:\/\/dailynewsfreshz.com\/?p=2023"}],"_links":{"self":[{"href":"https:\/\/dailynewsfreshz.com\/index.php?rest_route=\/wp\/v2\/posts\/2023","targetHints":{"allow":["GET"]}}],"collection":[{"href":"https:\/\/dailynewsfreshz.com\/index.php?rest_route=\/wp\/v2\/posts"}],"about":[{"href":"https:\/\/dailynewsfreshz.com\/index.php?rest_route=\/wp\/v2\/types\/post"}],"author":[{"embeddable":true,"href":"https:\/\/dailynewsfreshz.com\/index.php?rest_route=\/wp\/v2\/users\/1"}],"replies":[{"embeddable":true,"href":"https:\/\/dailynewsfreshz.com\/index.php?rest_route=%2Fwp%2Fv2%2Fcomments&post=2023"}],"version-history":[{"count":1,"href":"https:\/\/dailynewsfreshz.com\/index.php?rest_route=\/wp\/v2\/posts\/2023\/revisions"}],"predecessor-version":[{"id":2025,"href":"https:\/\/dailynewsfreshz.com\/index.php?rest_route=\/wp\/v2\/posts\/2023\/revisions\/2025"}],"wp:attachment":[{"href":"https:\/\/dailynewsfreshz.com\/index.php?rest_route=%2Fwp%2Fv2%2Fmedia&parent=2023"}],"wp:term":[{"taxonomy":"category","embeddable":true,"href":"https:\/\/dailynewsfreshz.com\/index.php?rest_route=%2Fwp%2Fv2%2Fcategories&post=2023"},{"taxonomy":"post_tag","embeddable":true,"href":"https:\/\/dailynewsfreshz.com\/index.php?rest_route=%2Fwp%2Fv2%2Ftags&post=2023"}],"curies":[{"name":"wp","href":"https:\/\/api.w.org\/{rel}","templated":true}]}}