{"id":852,"date":"2025-10-15T05:28:26","date_gmt":"2025-10-15T05:28:26","guid":{"rendered":"https:\/\/dailynewsfreshz.com\/?p=852"},"modified":"2025-10-15T05:28:26","modified_gmt":"2025-10-15T05:28:26","slug":"orban-nie-zgodzimy-sie-na-przyjecie-ukrainy-do-unii-europejskiej-to-wciagneloby-europe-w-wojne-z-rosja","status":"publish","type":"post","link":"https:\/\/dailynewsfreshz.com\/?p=852","title":{"rendered":"Orb\u00e1n: \u201eNie zgodzimy si\u0119 na przyj\u0119cie Ukrainy do Unii Europejskiej. To wci\u0105gn\u0119\u0142oby Europ\u0119 w wojn\u0119 z Rosj\u0105\u201d"},"content":{"rendered":"<header class=\"entry-header\">\n<h1 class=\"entry-title\"><img loading=\"lazy\" decoding=\"async\" class=\"alignnone size-full wp-image-700\" style=\"font-size: 2rem;\" src=\"https:\/\/swiat24story.com\/wp-content\/uploads\/2025\/10\/558410301_122151139628783118_7448693587633636226_n.jpg\" sizes=\"auto, (max-width: 870px) 100vw, 870px\" srcset=\"https:\/\/swiat24story.com\/wp-content\/uploads\/2025\/10\/558410301_122151139628783118_7448693587633636226_n.jpg 870w, https:\/\/swiat24story.com\/wp-content\/uploads\/2025\/10\/558410301_122151139628783118_7448693587633636226_n-300x229.jpg 300w, https:\/\/swiat24story.com\/wp-content\/uploads\/2025\/10\/558410301_122151139628783118_7448693587633636226_n-768x586.jpg 768w\" alt=\"\" width=\"870\" height=\"664\" \/><\/h1>\n<\/header>\n<div class=\"entry-content\">\n<h2 data-start=\"146\" data-end=\"259\"><strong data-start=\"149\" data-end=\"259\">Orb\u00e1n: \u201eNie zgodzimy si\u0119 na przyj\u0119cie Ukrainy do Unii Europejskiej. To wci\u0105gn\u0119\u0142oby Europ\u0119 w wojn\u0119 z Rosj\u0105\u201d<\/strong><\/h2>\n<p data-start=\"261\" data-end=\"574\">Premier W\u0119gier Viktor Orb\u00e1n ponownie ostro skrytykowa\u0142 polityk\u0119 Unii Europejskiej wobec konfliktu rosyjsko-ukrai\u0144skiego. Podczas swojego wyst\u0105pienia o\u015bwiadczy\u0142, \u017ce\u00a0<strong data-start=\"425\" data-end=\"471\">Budapeszt nie poprze akcesji Ukrainy do UE<\/strong>, poniewa\u017c taki krok \u2013 jego zdaniem \u2013\u00a0<strong data-start=\"509\" data-end=\"571\">oznacza\u0142by bezpo\u015brednie wci\u0105gni\u0119cie Europy w wojn\u0119 z Rosj\u0105<\/strong>.<\/p>\n<p data-start=\"576\" data-end=\"866\">Orb\u00e1n uzna\u0142 strategi\u0119 Brukseli wobec wojny za\u00a0<strong data-start=\"622\" data-end=\"649\">\u201efundamentalnie b\u0142\u0119dn\u0105\u201d<\/strong>\u00a0i zapowiedzia\u0142 og\u00f3lnokrajow\u0105 akcj\u0119 sprzeciwu wobec dzia\u0142a\u0144 Unii. Premier podkre\u015bli\u0142, \u017ce r\u00f3\u017cnice mi\u0119dzy stanowiskiem W\u0119gier a pozosta\u0142ych kraj\u00f3w cz\u0142onkowskich nie dotycz\u0105 ju\u017c samych opinii, lecz konkretnych dzia\u0142a\u0144.<\/p>\n<blockquote data-start=\"868\" data-end=\"1022\">\n<p data-start=\"870\" data-end=\"1022\">\u201eTo, co robi dzi\u015b Unia Europejska, to nie jest kwestia innego zdania \u2013 to zupe\u0142nie inna droga. Ich strategia jest b\u0142\u0119dna od podstaw\u201d \u2013 powiedzia\u0142 Orb\u00e1n.<\/p>\n<\/blockquote>\n<h3 data-start=\"1024\" data-end=\"1068\"><strong data-start=\"1028\" data-end=\"1068\">\u201eZ\u0142udne za\u0142o\u017cenia Unii Europejskiej\u201d<\/strong><\/h3>\n<p data-start=\"1070\" data-end=\"1332\">Szef w\u0119gierskiego rz\u0105du wskaza\u0142, \u017ce unijna polityka wobec Rosji opiera si\u0119 na fa\u0142szywych za\u0142o\u017ceniach. Jak podkre\u015bli\u0142, Bruksela b\u0142\u0119dnie uzna\u0142a, \u017ce\u00a0<strong data-start=\"1216\" data-end=\"1278\">Rosja szybciej wyczerpie swoje zasoby finansowe ni\u017c Europa<\/strong>, co mia\u0142o doprowadzi\u0107 do jej os\u0142abienia i ust\u0119pstw.<\/p>\n<blockquote data-start=\"1334\" data-end=\"1567\">\n<p data-start=\"1336\" data-end=\"1567\">\u201eTo wszystko oparte jest na z\u0142udzeniu\u201d \u2013 stwierdzi\u0142 Orb\u00e1n. \u2013 \u201eUE wyda\u0142a ju\u017c na wsparcie Ukrainy od 170 do 180 miliard\u00f3w euro, a efekty s\u0105 \u017cadne. Rosja wci\u0105\u017c stoi, a Europa coraz bardziej traci na sankcjach i kryzysie gospodarczym\u201d.<\/p>\n<\/blockquote>\n<p data-start=\"1569\" data-end=\"1804\">Premier zauwa\u017cy\u0142 r\u00f3wnie\u017c, \u017ce\u00a0<strong data-start=\"1598\" data-end=\"1716\">nigdy wcze\u015bniej w historii wojen nie zdarzy\u0142a si\u0119 sytuacja, w kt\u00f3rej obie strony ca\u0142kowicie odmawia\u0142yby negocjacji<\/strong>. Jego zdaniem przed\u0142u\u017canie konfliktu tylko zwi\u0119ksza liczb\u0119 ofiar i szk\u00f3d gospodarczych.<\/p>\n<blockquote data-start=\"1806\" data-end=\"1957\">\n<p data-start=\"1808\" data-end=\"1957\">\u201eIm d\u0142u\u017cej trwa wojna, tym wi\u0119cej ludzi zginie. Zamiast popycha\u0107 Ukrain\u0119 do dalszego konfliktu, Europa powinna d\u0105\u017cy\u0107 do rozm\u00f3w z Rosj\u0105\u201d \u2013 podkre\u015bli\u0142.<\/p>\n<\/blockquote>\n<h3 data-start=\"1959\" data-end=\"2006\"><strong data-start=\"1963\" data-end=\"2006\">Sprzeciw wobec cz\u0142onkostwa Ukrainy w UE<\/strong><\/h3>\n<p data-start=\"2008\" data-end=\"2223\">Orb\u00e1n wyrazi\u0142 jednoznaczny sprzeciw wobec pomys\u0142u przyj\u0119cia Ukrainy do Unii Europejskiej. Przypomnia\u0142, \u017ce taka decyzja wymaga\u00a0<strong data-start=\"2134\" data-end=\"2191\">jednomy\u015blnej zgody wszystkich 27 pa\u0144stw cz\u0142onkowskich<\/strong>, a W\u0119gry tej zgody nie udziel\u0105.<\/p>\n<blockquote data-start=\"2225\" data-end=\"2439\">\n<p data-start=\"2227\" data-end=\"2439\">\u201eNar\u00f3d w\u0119gierski nie chce by\u0107 w unii z Ukrain\u0105\u201d \u2013 powiedzia\u0142 premier. \u2013 \u201ePrzyj\u0119cie Kijowa do UE w praktyce oznacza\u0142oby wci\u0105gni\u0119cie W\u0119gier i ca\u0142ej Europy w wojn\u0119 z Rosj\u0105. Tego nie chcemy i na to si\u0119 nie zgodzimy\u201d.<\/p>\n<\/blockquote>\n<h3 data-start=\"2441\" data-end=\"2493\"><strong data-start=\"2445\" data-end=\"2493\">Og\u00f3lnokrajowa akcja sprzeciwu wobec Brukseli<\/strong><\/h3>\n<p data-start=\"2495\" data-end=\"2739\">W\u0119gierski rz\u0105d planuje zorganizowa\u0107\u00a0<strong data-start=\"2531\" data-end=\"2580\">kampani\u0119 informacyjn\u0105 i konsultacje spo\u0142eczne<\/strong>\u00a0dotycz\u0105ce unijnej polityki wobec Ukrainy. Orb\u00e1n zapowiedzia\u0142, \u017ce g\u0142os obywateli b\u0119dzie kluczowy w okre\u015bleniu dalszej postawy Budapesztu wobec plan\u00f3w Brukseli.<\/p>\n<blockquote data-start=\"2741\" data-end=\"2865\">\n<p data-start=\"2743\" data-end=\"2865\">\u201eW\u0119grzy maj\u0105 prawo decydowa\u0107, czy chc\u0105 by\u0107 cz\u0119\u015bci\u0105 unijnej strategii wojennej. My wybieramy pok\u00f3j, nie wojn\u0119\u201d \u2013 zaznaczy\u0142.<\/p>\n<\/blockquote>\n<h3 data-start=\"2867\" data-end=\"2894\"><strong data-start=\"2871\" data-end=\"2894\">Kontekst europejski<\/strong><\/h3>\n<p data-start=\"2896\" data-end=\"3175\">S\u0142owa Orb\u00e1na wpisuj\u0105 si\u0119 w jego dotychczasow\u0105 polityk\u0119 dystansowania si\u0119 od unijnego konsensusu w sprawie Ukrainy. Premier od pocz\u0105tku wojny krytykuje sankcje wobec Rosji, sprzeciwia si\u0119 finansowaniu dostaw broni dla Kijowa i regularnie apeluje o rozpocz\u0119cie rozm\u00f3w pokojowych.<\/p>\n<p data-start=\"3177\" data-end=\"3375\">Jego stanowisko wielokrotnie powodowa\u0142o napi\u0119cia mi\u0119dzy Budapesztem a Bruksel\u0105, a tak\u017ce z innymi stolicami unijnymi, kt\u00f3re oskar\u017caj\u0105 W\u0119gry o blokowanie wsp\u00f3lnej polityki europejskiej wobec Moskwy.<\/p>\n<p data-start=\"3377\" data-end=\"3524\">Mimo to Orb\u00e1n konsekwentnie utrzymuje, \u017ce\u00a0<strong data-start=\"3419\" data-end=\"3521\">\u201estrategia wojny\u201d UE prowadzi do upadku gospodarki europejskiej i rosn\u0105cego zagro\u017cenia militarnego<\/strong>.<\/p>\n<blockquote data-start=\"3526\" data-end=\"3677\">\n<p data-start=\"3528\" data-end=\"3677\">\u201eEuropa nie mo\u017ce pozwoli\u0107, by decyzje o wojnie i pokoju zapada\u0142y poza jej granicami. Potrzebujemy pokoju, nie eskalacji\u201d \u2013 podsumowa\u0142 premier W\u0119gier.<\/p>\n<\/blockquote>\n<\/div>\n","protected":false},"excerpt":{"rendered":"<p>Orb\u00e1n: \u201eNie zgodzimy si\u0119 na przyj\u0119cie Ukrainy do Unii Europejskiej. To wci\u0105gn\u0119\u0142oby Europ\u0119 w wojn\u0119 z Rosj\u0105\u201d Premier W\u0119gier Viktor Orb\u00e1n ponownie ostro skrytykowa\u0142 polityk\u0119 &hellip; <\/p>\n","protected":false},"author":1,"featured_media":0,"comment_status":"open","ping_status":"open","sticky":false,"template":"","format":"standard","meta":{"footnotes":""},"categories":[1],"tags":[],"class_list":["post-852","post","type-post","status-publish","format-standard","hentry","category-uncategorized"],"aioseo_notices":[],"_links":{"self":[{"href":"https:\/\/dailynewsfreshz.com\/index.php?rest_route=\/wp\/v2\/posts\/852","targetHints":{"allow":["GET"]}}],"collection":[{"href":"https:\/\/dailynewsfreshz.com\/index.php?rest_route=\/wp\/v2\/posts"}],"about":[{"href":"https:\/\/dailynewsfreshz.com\/index.php?rest_route=\/wp\/v2\/types\/post"}],"author":[{"embeddable":true,"href":"https:\/\/dailynewsfreshz.com\/index.php?rest_route=\/wp\/v2\/users\/1"}],"replies":[{"embeddable":true,"href":"https:\/\/dailynewsfreshz.com\/index.php?rest_route=%2Fwp%2Fv2%2Fcomments&post=852"}],"version-history":[{"count":1,"href":"https:\/\/dailynewsfreshz.com\/index.php?rest_route=\/wp\/v2\/posts\/852\/revisions"}],"predecessor-version":[{"id":853,"href":"https:\/\/dailynewsfreshz.com\/index.php?rest_route=\/wp\/v2\/posts\/852\/revisions\/853"}],"wp:attachment":[{"href":"https:\/\/dailynewsfreshz.com\/index.php?rest_route=%2Fwp%2Fv2%2Fmedia&parent=852"}],"wp:term":[{"taxonomy":"category","embeddable":true,"href":"https:\/\/dailynewsfreshz.com\/index.php?rest_route=%2Fwp%2Fv2%2Fcategories&post=852"},{"taxonomy":"post_tag","embeddable":true,"href":"https:\/\/dailynewsfreshz.com\/index.php?rest_route=%2Fwp%2Fv2%2Ftags&post=852"}],"curies":[{"name":"wp","href":"https:\/\/api.w.org\/{rel}","templated":true}]}}