{"id":875,"date":"2025-10-16T06:36:50","date_gmt":"2025-10-16T06:36:50","guid":{"rendered":"https:\/\/dailynewsfreshz.com\/?p=875"},"modified":"2025-10-16T06:36:59","modified_gmt":"2025-10-16T06:36:59","slug":"dramat-pod-grudziadzem-z-tira-wysypalo-sie-drzewo-z-osobowki-nic-nie-zostalo-w-srodku-bylo-dziecko","status":"publish","type":"post","link":"https:\/\/dailynewsfreshz.com\/?p=875","title":{"rendered":"Dramat pod Grudzi\u0105dzem. Z tira wysypa\u0142o si\u0119 drzewo, z osob\u00f3wki nic nie zosta\u0142o. W \u015brodku by\u0142o dziecko"},"content":{"rendered":"<header class=\"single-entry-header\">\n<h1 class=\"single-entry-title entry-title\"><img loading=\"lazy\" decoding=\"async\" class=\"attachment-featured-slider size-featured-slider wp-post-image\" style=\"font-family: 'Source Sans Pro', Graphik, -apple-system, BlinkMacSystemFont, 'Segoe UI', Helvetica, Arial, sans-serif; font-size: 1.125rem;\" src=\"https:\/\/everylife.biz.ua\/wp-content\/uploads\/2025\/10\/Screenshot_2025_10_01-15.png\" sizes=\"auto, (max-width: 718px) 100vw, 718px\" srcset=\"https:\/\/everylife.biz.ua\/wp-content\/uploads\/2025\/10\/Screenshot_2025_10_01-15.png 718w, https:\/\/everylife.biz.ua\/wp-content\/uploads\/2025\/10\/Screenshot_2025_10_01-15-300x178.png 300w\" alt=\"\" width=\"718\" height=\"425\" \/><\/h1>\n<\/header>\n<div class=\"entry-content\">\n<p>Dramatyczny wypadek pod Grudzi\u0105dzem w woj. kujawsko-pomorskim. Tir z drzewem zderzy\u0142 si\u0119 z fordem, kt\u00f3rym podr\u00f3\u017cowa\u0142a m\u0142oda para z rocznym dzieckiem. Ponad p\u00f3\u0142 godziny stra\u017cacy wydobywali ofiary z kompletnie zmia\u017cd\u017conej osob\u00f3wki.<\/p>\n<p>Drogowy horror rozegra\u0142 si\u0119 w pi\u0105tek, 12 kwietnia w miejscowo\u015bci Mokre. Tu\u017c za skrzy\u017cowaniem ci\u0119\u017car\u00f3wka zderzy\u0142a si\u0119 z fordem. Kolos z przyczep\u0105, przewr\u00f3ci\u0142 si\u0119 na bok. Na drog\u0119 rozsypa\u0142y si\u0119 przewo\u017cone k\u0142ody drewna. Osobowy ford wpad\u0142 do rowu.<\/p>\n<h2 class=\"wp-block-heading\">Zderzenie z ci\u0119\u017car\u00f3wk\u0105 pod Grudzi\u0105dzem. Na miejscu l\u0105dowa\u0142 \u015bmig\u0142owiec<\/h2>\n<p>Zg\u0142oszenie o wypadku wp\u0142yn\u0119\u0142o o godz. 10:25. Na miejsce skierowano liczne s\u0142u\u017cby ratunkowe. Najwi\u0119cej pracy mieli stra\u017cacy. Musieli ratowa\u0107 kierowc\u0119 osob\u00f3wki i jego pasa\u017cer\u00f3w. Aby uwolni\u0107 poszkodowanych, trzeba by\u0142o rozcina\u0107 wrak. Min\u0119\u0142o oko\u0142o p\u00f3\u0142 godziny, zanim uda\u0142o si\u0119 wydosta\u0107 wszystkie ofiary.<\/p>\n<p>Jak powiedzia\u0142 dla \u00abFaktu\u00bb asp. \u0141ukasz Kowalczyk z policji w Grudzi\u0105dzu, poszkodowani to: 24-letni kierowca forda, 23-letnia pasa\u017cerka oraz roczne dziecko.<\/p>\n<p>\u2014 Na chwil\u0119 obecn\u0105 nie wiemy w jakim stanie s\u0105 ofiary wypadku. Najpowa\u017cniej ranny zosta\u0142 kierowca i to jego do szpitala zabra\u0142 ratowniczy \u015bmig\u0142owiec \u2014 m\u00f3wi asp. \u0141ukasz Kowalczyk.<\/p>\n<p>Na razie nieznane s\u0105 dok\u0142adne okoliczno\u015bci zdarzenia. Z bardzo wst\u0119pnych ustale\u0144 policji wynika, \u017ce to prawdopodobnie kierowca osob\u00f3wki nagle zjecha\u0142 na przeciwny pas ruchu. Dok\u0142adne przyczyny wyka\u017ce jednak prowadzone \u015bledztwo.<\/p>\n<p>Kierowcy tira nic powa\u017cnego si\u0119 nie sta\u0142o. Otrzyma\u0142 pomoc na miejscu.<\/p>\n<p>Z powodu wypadku droga zosta\u0142a na wiele godzin ca\u0142kowicie zablokowana.<\/p>\n<figure id=\"slide-1\" class=\"wp-block-image\"><img decoding=\"async\" src=\"https:\/\/ocdn.eu\/pulscms-transforms\/1\/bnZk9kuTURBXy9iYTQwY2RhOC02M2FjLTQxZDMtYWUzNC05OTU4MTUxZDMzNzguanBlZ5GTAs0DSM0B2N4AAqEwAaExAQ\" alt=\"\" \/><\/figure>\n<p>Wypadek pod Grudzi\u0105dzem. Ci\u0119\u017car\u00f3wka z drzewem przewr\u00f3ci\u0142a si\u0119 na bok i stan\u0119\u0142a w poprzek drogi.<\/p>\n<figure id=\"slide-2\" class=\"wp-block-image\"><img decoding=\"async\" src=\"https:\/\/ocdn.eu\/pulscms-transforms\/1\/2XVk9kuTURBXy8wM2YzOTc3Ni0xNDE1LTQ4ZDktYTRmNy0zNjFmODUwY2RlNzIuanBlZ5GTAs0DSM0BiN4AAqEwAaExAQ\" alt=\"\" \/><\/figure>\n<p>Tyle zosta\u0142o z samochodu osobowego.<\/p>\n<figure id=\"slide-3\" class=\"wp-block-image\"><img decoding=\"async\" src=\"https:\/\/ocdn.eu\/pulscms-transforms\/1\/fLnk9kuTURBXy80NTNjMmM1MC03ZDdiLTQxM2ItYmQ0MS01NjMyZDkwYTNmYWMuanBlZ5GTAs0DSM0BiN4AAqEwAaExAQ\" alt=\"\" \/><\/figure>\n<p>Ranny kierowca auta osobowego trafi\u0142 do szpitala.<\/p>\n<figure id=\"slide-4\" class=\"wp-block-image\"><img decoding=\"async\" src=\"https:\/\/ocdn.eu\/pulscms-transforms\/1\/hSzk9kuTURBXy8wYjIzODJlYS1kNDQ4LTQ5ODYtOGI3Zi1lZjJlNDg5ZTFkY2UuanBlZ5GTAs0DSM0BiN4AAqEwAaExAQ\" alt=\"\" \/><\/figure>\n<p>Na miejscu l\u0105dowa\u0142 \u015bmig\u0142owiec ratowniczy.<\/p>\n<figure id=\"slide-5\" class=\"wp-block-image\"><img decoding=\"async\" src=\"https:\/\/ocdn.eu\/pulscms-transforms\/1\/qXJk9kuTURBXy8zYmNiZWRkMi0wMzlkLTRkNjAtYTU4MS0xY2ExNmNmYWEwNjIuanBlZ5GTAs0DSM0BiN4AAqEwAaExAQ\" alt=\"\" \/><\/figure>\n<p>Droga zosta\u0142a kompletnie zablokowana.<\/p>\n<\/div>\n","protected":false},"excerpt":{"rendered":"<p>Dramatyczny wypadek pod Grudzi\u0105dzem w woj. kujawsko-pomorskim. Tir z drzewem zderzy\u0142 si\u0119 z fordem, kt\u00f3rym podr\u00f3\u017cowa\u0142a m\u0142oda para z rocznym dzieckiem. Ponad p\u00f3\u0142 godziny stra\u017cacy &hellip; <\/p>\n","protected":false},"author":1,"featured_media":0,"comment_status":"open","ping_status":"open","sticky":false,"template":"","format":"standard","meta":{"footnotes":""},"categories":[1],"tags":[],"class_list":["post-875","post","type-post","status-publish","format-standard","hentry","category-uncategorized"],"aioseo_notices":[],"_links":{"self":[{"href":"https:\/\/dailynewsfreshz.com\/index.php?rest_route=\/wp\/v2\/posts\/875","targetHints":{"allow":["GET"]}}],"collection":[{"href":"https:\/\/dailynewsfreshz.com\/index.php?rest_route=\/wp\/v2\/posts"}],"about":[{"href":"https:\/\/dailynewsfreshz.com\/index.php?rest_route=\/wp\/v2\/types\/post"}],"author":[{"embeddable":true,"href":"https:\/\/dailynewsfreshz.com\/index.php?rest_route=\/wp\/v2\/users\/1"}],"replies":[{"embeddable":true,"href":"https:\/\/dailynewsfreshz.com\/index.php?rest_route=%2Fwp%2Fv2%2Fcomments&post=875"}],"version-history":[{"count":2,"href":"https:\/\/dailynewsfreshz.com\/index.php?rest_route=\/wp\/v2\/posts\/875\/revisions"}],"predecessor-version":[{"id":877,"href":"https:\/\/dailynewsfreshz.com\/index.php?rest_route=\/wp\/v2\/posts\/875\/revisions\/877"}],"wp:attachment":[{"href":"https:\/\/dailynewsfreshz.com\/index.php?rest_route=%2Fwp%2Fv2%2Fmedia&parent=875"}],"wp:term":[{"taxonomy":"category","embeddable":true,"href":"https:\/\/dailynewsfreshz.com\/index.php?rest_route=%2Fwp%2Fv2%2Fcategories&post=875"},{"taxonomy":"post_tag","embeddable":true,"href":"https:\/\/dailynewsfreshz.com\/index.php?rest_route=%2Fwp%2Fv2%2Ftags&post=875"}],"curies":[{"name":"wp","href":"https:\/\/api.w.org\/{rel}","templated":true}]}}